{"id":162053,"date":"2021-07-26T13:14:50","date_gmt":"2021-07-26T17:14:50","guid":{"rendered":"https:\/\/mspontocom.com.br\/site\/?p=162053"},"modified":"2021-07-26T13:14:50","modified_gmt":"2021-07-26T17:14:50","slug":"inscricoes-para-estagio-na-justica-federal-de-mato-grosso-do-sul-terminam-nesta-terca","status":"publish","type":"post","link":"https:\/\/mspontocom.com.br\/site\/inscricoes-para-estagio-na-justica-federal-de-mato-grosso-do-sul-terminam-nesta-terca\/","title":{"rendered":"Inscri\u00e7\u00f5es para est\u00e1gio na Justi\u00e7a Federal de Mato Grosso do Sul terminam nesta ter\u00e7a"},"content":{"rendered":"<p dir=\"ltr\" style=\"text-align: justify;\"><img loading=\"lazy\" class=\"alignnone size-full wp-image-162054\" src=\"https:\/\/mspontocom.com.br\/site\/wp-content\/uploads\/2021\/07\/site-inscricoes-para-estagio-na-justica-federal-de-mato-grosso-do-sul-terminam-nesta-terca-jf.png\" alt=\"\" width=\"200\" height=\"200\" srcset=\"https:\/\/mspontocom.com.br\/site\/wp-content\/uploads\/2021\/07\/site-inscricoes-para-estagio-na-justica-federal-de-mato-grosso-do-sul-terminam-nesta-terca-jf.png 200w, https:\/\/mspontocom.com.br\/site\/wp-content\/uploads\/2021\/07\/site-inscricoes-para-estagio-na-justica-federal-de-mato-grosso-do-sul-terminam-nesta-terca-jf-150x150.png 150w\" sizes=\"(max-width: 200px) 100vw, 200px\" \/><\/p>\n<p dir=\"ltr\" style=\"text-align: justify;\">Terminam na ter\u00e7a-feira, dia 27 de julho, as inscri\u00e7\u00f5es para o processo seletivo de est\u00e1gio na Justi\u00e7a Federal de Mato Grosso do Sul.<\/p>\n<p dir=\"ltr\" style=\"text-align: justify;\">H\u00e1 vagas para as cidades de Campo Grande, Corumb\u00e1, Coxim, Dourados, Ponta Por\u00e3, Navira\u00ed e Tr\u00eas Lagoas. A sele\u00e7\u00e3o \u00e9 atrav\u00e9s da ag\u00eancia Super Est\u00e1gios.<\/p>\n<p dir=\"ltr\" style=\"text-align: justify;\">Podem se candidatar estudantes do ensino m\u00e9dio, t\u00e9cnico profissional ou escola especial, que estejam no m\u00e1ximo no 2\u00ba ano e tenham completado 16 anos.<\/p>\n<p dir=\"ltr\" style=\"text-align: justify;\">No caso do ensino superior, podem participar da sele\u00e7\u00e3o os universit\u00e1rios dos cursos de Administra\u00e7\u00e3o, Direito, Engenharia Civil, Psicologia e cursos relacionados \u00e0 \u00e1rea de Tecnologia da Informa\u00e7\u00e3o.<\/p>\n<p dir=\"ltr\" style=\"text-align: justify;\">Para candidatos com defici\u00eancia ser\u00e3o reservados 10% do total de vagas de est\u00e1gio e 30% aos estudantes negros mediante autodeclara\u00e7\u00e3o.<\/p>\n<p dir=\"ltr\" style=\"text-align: justify;\">A inscri\u00e7\u00e3o \u00e9 gratuita, atrav\u00e9s do portal da Super Est\u00e1gios: <a href=\"https:\/\/www.superestagios.com.br\/\" target=\"_blank\" rel=\"noopener\" data-saferedirecturl=\"https:\/\/www.google.com\/url?q=https:\/\/www.superestagios.com.br\/&amp;source=gmail&amp;ust=1627389773515000&amp;usg=AFQjCNGuyap9hycE5XjiNU1SHY3TzehREw\">www.superestagios.com.br<\/a>.<\/p>\n<p dir=\"ltr\" style=\"text-align: justify;\">O processo seletivo acontece no dia 05 de agosto, atrav\u00e9s de uma prova online, composta de 30 quest\u00f5es objetivas, com cinco alternativas cada. O\u00a0 resultado ser\u00e1 divulgado no dia 16 de agosto e o in\u00edcio da convoca\u00e7\u00e3o no dia 18.<\/p>\n<p dir=\"ltr\" style=\"text-align: justify;\">Os candidatos que tiverem d\u00favidas podem entrar em contato com a Super Est\u00e1gios atrav\u00e9s do telefone (67) 3211-2022 ou pelo site <a href=\"https:\/\/www.superestagios.com.br\/\" target=\"_blank\" rel=\"noopener\" data-saferedirecturl=\"https:\/\/www.google.com\/url?q=https:\/\/www.superestagios.com.br\/&amp;source=gmail&amp;ust=1627389773515000&amp;usg=AFQjCNGuyap9hycE5XjiNU1SHY3TzehREw\">www.superestagios.com.br<\/a>.<\/p>\n","protected":false},"excerpt":{"rendered":"<p>H\u00e1 vagas para as cidades de Campo Grande, Corumb\u00e1, Coxim, Dourados, Ponta Por\u00e3, Navira\u00ed e Tr\u00eas Lagoas<\/p>\n","protected":false},"author":2,"featured_media":162054,"comment_status":"open","ping_status":"open","sticky":false,"template":"","format":"standard","meta":{"_monsterinsights_skip_tracking":false,"_monsterinsights_sitenote_active":false,"_monsterinsights_sitenote_note":"","_monsterinsights_sitenote_category":0},"categories":[28176],"tags":[6350,26963,3316,347],"aioseo_notices":[],"_links":{"self":[{"href":"https:\/\/mspontocom.com.br\/site\/wp-json\/wp\/v2\/posts\/162053"}],"collection":[{"href":"https:\/\/mspontocom.com.br\/site\/wp-json\/wp\/v2\/posts"}],"about":[{"href":"https:\/\/mspontocom.com.br\/site\/wp-json\/wp\/v2\/types\/post"}],"author":[{"embeddable":true,"href":"https:\/\/mspontocom.com.br\/site\/wp-json\/wp\/v2\/users\/2"}],"replies":[{"embeddable":true,"href":"https:\/\/mspontocom.com.br\/site\/wp-json\/wp\/v2\/comments?post=162053"}],"version-history":[{"count":1,"href":"https:\/\/mspontocom.com.br\/site\/wp-json\/wp\/v2\/posts\/162053\/revisions"}],"predecessor-version":[{"id":162055,"href":"https:\/\/mspontocom.com.br\/site\/wp-json\/wp\/v2\/posts\/162053\/revisions\/162055"}],"wp:featuredmedia":[{"embeddable":true,"href":"https:\/\/mspontocom.com.br\/site\/wp-json\/wp\/v2\/media\/162054"}],"wp:attachment":[{"href":"https:\/\/mspontocom.com.br\/site\/wp-json\/wp\/v2\/media?parent=162053"}],"wp:term":[{"taxonomy":"category","embeddable":true,"href":"https:\/\/mspontocom.com.br\/site\/wp-json\/wp\/v2\/categories?post=162053"},{"taxonomy":"post_tag","embeddable":true,"href":"https:\/\/mspontocom.com.br\/site\/wp-json\/wp\/v2\/tags?post=162053"}],"curies":[{"name":"wp","href":"https:\/\/api.w.org\/{rel}","templated":true}]}}