{"id":162081,"date":"2021-07-27T09:39:29","date_gmt":"2021-07-27T13:39:29","guid":{"rendered":"https:\/\/mspontocom.com.br\/site\/?p=162081"},"modified":"2021-07-27T08:14:47","modified_gmt":"2021-07-27T12:14:47","slug":"carrefour-abre-vagas-de-emprego-para-pessoas-com-deficiencia-em-todo-brasil","status":"publish","type":"post","link":"https:\/\/mspontocom.com.br\/site\/carrefour-abre-vagas-de-emprego-para-pessoas-com-deficiencia-em-todo-brasil\/","title":{"rendered":"Carrefour abre vagas de emprego para pessoas com defici\u00eancia em todo Brasil"},"content":{"rendered":"<p style=\"text-align: justify;\"><img loading=\"lazy\" class=\"alignnone size-full wp-image-162088\" src=\"https:\/\/mspontocom.com.br\/site\/wp-content\/uploads\/2021\/07\/site-carrefour-abre-vagas-de-emprego-para-pessoas-com-deficiencia-em-todo-brasil-empregodeficientes-2xag3ytqgxuvizhuxdlog0.jpg\" alt=\"\" width=\"640\" height=\"385\" srcset=\"https:\/\/mspontocom.com.br\/site\/wp-content\/uploads\/2021\/07\/site-carrefour-abre-vagas-de-emprego-para-pessoas-com-deficiencia-em-todo-brasil-empregodeficientes-2xag3ytqgxuvizhuxdlog0.jpg 640w, https:\/\/mspontocom.com.br\/site\/wp-content\/uploads\/2021\/07\/site-carrefour-abre-vagas-de-emprego-para-pessoas-com-deficiencia-em-todo-brasil-empregodeficientes-2xag3ytqgxuvizhuxdlog0-260x156.jpg 260w\" sizes=\"(max-width: 640px) 100vw, 640px\" \/>O\u00a0<strong>Carrefour<\/strong>\u00a0realizar\u00e1 at\u00e9 30 de julho uma a\u00e7\u00e3o voltada especificamente para a contrata\u00e7\u00e3o\u00a0de pessoas com defici\u00eancia em todo o Brasil.<\/p>\n<p style=\"text-align: justify;\">Com diversas edi\u00e7\u00f5es ao longo do ano, as chamadas Semanas ou Dias D consistem em datas especiais voltadas para a contrata\u00e7\u00e3o de profissionais de perfis diversos.<\/p>\n<p style=\"text-align: justify;\">Para se candidatar, um dos pr\u00e9-requisitos \u00e9 que o profissional\u00a0com defici\u00eancia se identifique com o prop\u00f3sito do\u00a0<strong>Carrefour.<\/strong><\/p>\n<p style=\"text-align: justify;\">\u00a0As vagas\u00a0s\u00e3o para todo o Brasil e possuem cargas hor\u00e1rias distintas de acordo com a oportunidade.<\/p>\n<p style=\"text-align: justify;\">Todas as etapas do processo seletivo acontecem de forma on-line, com exce\u00e7\u00e3o da entrevista com o gestor que \u00e9 realizada presencialmente para que o candidato possa visitar a unidade e visualizar a fun\u00e7\u00e3o que ser\u00e1 desempenhada.<\/p>\n<p style=\"text-align: justify;\">As inscri\u00e7\u00f5es acontecem at\u00e9 30 de julho pelo site:\u00a0<a href=\"https:\/\/bit.ly\/2WnJ25C\" target=\"_blank\" rel=\"noopener\">https:\/\/bit.ly\/2WnJ25C<\/a>.<\/p>\n","protected":false},"excerpt":{"rendered":"<p>\u00a0As vagas\u00a0s\u00e3o para todo o Brasil e possuem cargas hor\u00e1rias distintas de acordo com a oportunidade.<\/p>\n","protected":false},"author":2,"featured_media":162088,"comment_status":"open","ping_status":"open","sticky":false,"template":"","format":"standard","meta":{"_monsterinsights_skip_tracking":false,"_monsterinsights_sitenote_active":false,"_monsterinsights_sitenote_note":"","_monsterinsights_sitenote_category":0},"categories":[28176],"tags":[2338,348,16616,7281,347],"aioseo_notices":[],"_links":{"self":[{"href":"https:\/\/mspontocom.com.br\/site\/wp-json\/wp\/v2\/posts\/162081"}],"collection":[{"href":"https:\/\/mspontocom.com.br\/site\/wp-json\/wp\/v2\/posts"}],"about":[{"href":"https:\/\/mspontocom.com.br\/site\/wp-json\/wp\/v2\/types\/post"}],"author":[{"embeddable":true,"href":"https:\/\/mspontocom.com.br\/site\/wp-json\/wp\/v2\/users\/2"}],"replies":[{"embeddable":true,"href":"https:\/\/mspontocom.com.br\/site\/wp-json\/wp\/v2\/comments?post=162081"}],"version-history":[{"count":2,"href":"https:\/\/mspontocom.com.br\/site\/wp-json\/wp\/v2\/posts\/162081\/revisions"}],"predecessor-version":[{"id":162089,"href":"https:\/\/mspontocom.com.br\/site\/wp-json\/wp\/v2\/posts\/162081\/revisions\/162089"}],"wp:featuredmedia":[{"embeddable":true,"href":"https:\/\/mspontocom.com.br\/site\/wp-json\/wp\/v2\/media\/162088"}],"wp:attachment":[{"href":"https:\/\/mspontocom.com.br\/site\/wp-json\/wp\/v2\/media?parent=162081"}],"wp:term":[{"taxonomy":"category","embeddable":true,"href":"https:\/\/mspontocom.com.br\/site\/wp-json\/wp\/v2\/categories?post=162081"},{"taxonomy":"post_tag","embeddable":true,"href":"https:\/\/mspontocom.com.br\/site\/wp-json\/wp\/v2\/tags?post=162081"}],"curies":[{"name":"wp","href":"https:\/\/api.w.org\/{rel}","templated":true}]}}