{"id":162392,"date":"2021-08-05T09:26:57","date_gmt":"2021-08-05T13:26:57","guid":{"rendered":"https:\/\/mspontocom.com.br\/site\/?p=162392"},"modified":"2021-08-05T08:22:07","modified_gmt":"2021-08-05T12:22:07","slug":"braskem-prioriza-diversidade-e-inclusao-no-seu-programa-de-estagio-2022-2","status":"publish","type":"post","link":"https:\/\/mspontocom.com.br\/site\/braskem-prioriza-diversidade-e-inclusao-no-seu-programa-de-estagio-2022-2\/","title":{"rendered":"Braskem prioriza diversidade e inclus\u00e3o no seu Programa de Est\u00e1gio 2022"},"content":{"rendered":"<p style=\"text-align: justify;\"><img loading=\"lazy\" class=\"alignnone size-full wp-image-162393\" src=\"https:\/\/mspontocom.com.br\/site\/wp-content\/uploads\/2021\/08\/site-braskem.png\" alt=\"\" width=\"667\" height=\"350\" srcset=\"https:\/\/mspontocom.com.br\/site\/wp-content\/uploads\/2021\/08\/site-braskem.png 667w, https:\/\/mspontocom.com.br\/site\/wp-content\/uploads\/2021\/08\/site-braskem-260x136.png 260w\" sizes=\"(max-width: 667px) 100vw, 667px\" \/><\/p>\n<p style=\"text-align: justify;\">A Braskem<strong>\u00a0<\/strong>abre as inscri\u00e7\u00f5es, at\u00e9 27 de agosto, para seu Programa de Est\u00e1gio 2022.<\/p>\n<p style=\"text-align: justify;\">\u00a0Focada nos pilares de diversidade, equidade e inclus\u00e3o, a companhia realiza diferentes iniciativas no processo seletivo a fim de aumentar a diversidade e representatividade dos candidatos, com foco principalmente em universit\u00e1rios negros.<\/p>\n<p style=\"text-align: justify;\">Com condu\u00e7\u00e3o 100% on-line e gamificada, a sele\u00e7\u00e3o busca alinhamento do perfil do candidato com a cultura e os valores da empresa.<\/p>\n<p style=\"text-align: justify;\">As vagas s\u00e3o para estudantes universit\u00e1rios que estejam cursando a partir do segundo ano de gradua\u00e7\u00e3o nos cursos de: Engenharias (Qu\u00edmica, El\u00e9trica, Mec\u00e2nica e Produ\u00e7\u00e3o), Administra\u00e7\u00e3o, Economia, Ci\u00eancias Cont\u00e1beis, Psicologia, Qu\u00edmica, Publicidade,<\/p>\n<p style=\"text-align: justify;\">Inscri\u00e7\u00f5es pelo site\u00a0<a href=\"https:\/\/gateway.pr.comunique-se.com.br\/api\/Campaign\/AddCampaignEmailClick\/4a4653ac-f607-4c3d-4c28-08d94d0fc94f\/https%253a%252f%252fwww.braskem.com.br%252fcarreira\/3a62c3e8-195a-4a2c-fc4a-08d7c5ff26d1\/mspontocom@gmail.com\/True\" target=\"_blank\" rel=\"noopener noreferrer\" data-saferedirecturl=\"https:\/\/www.google.com\/url?q=https:\/\/gateway.pr.comunique-se.com.br\/api\/Campaign\/AddCampaignEmailClick\/4a4653ac-f607-4c3d-4c28-08d94d0fc94f\/https%25253a%25252f%25252fwww.braskem.com.br%25252fcarreira\/3a62c3e8-195a-4a2c-fc4a-08d7c5ff26d1\/mspontocom@gmail.com\/True&amp;source=gmail&amp;ust=1628250589816000&amp;usg=AFQjCNGIIdkTbvaTQfmeAC9m3snr3-mQCQ\">https:\/\/www.braskem.com.br\/<wbr \/>carreira<\/a>.<\/p>\n<p style=\"text-align: justify;\">Nesta edi\u00e7\u00e3o, o programa oferece mais de 212 vagas para os seguintes estados: S\u00e3o Paulo, Bahia, Rio Grande do Sul, Rio de Janeiro e Alagoas.<\/p>\n","protected":false},"excerpt":{"rendered":"<p>\u00a0Focada nos pilares de diversidade, equidade e inclus\u00e3o, a companhia realiza diferentes iniciativas no processo seletivo <\/p>\n","protected":false},"author":2,"featured_media":162393,"comment_status":"open","ping_status":"open","sticky":false,"template":"","format":"standard","meta":{"_monsterinsights_skip_tracking":false,"_monsterinsights_sitenote_active":false,"_monsterinsights_sitenote_note":"","_monsterinsights_sitenote_category":0},"categories":[28176],"tags":[15311,6350,22305],"aioseo_notices":[],"_links":{"self":[{"href":"https:\/\/mspontocom.com.br\/site\/wp-json\/wp\/v2\/posts\/162392"}],"collection":[{"href":"https:\/\/mspontocom.com.br\/site\/wp-json\/wp\/v2\/posts"}],"about":[{"href":"https:\/\/mspontocom.com.br\/site\/wp-json\/wp\/v2\/types\/post"}],"author":[{"embeddable":true,"href":"https:\/\/mspontocom.com.br\/site\/wp-json\/wp\/v2\/users\/2"}],"replies":[{"embeddable":true,"href":"https:\/\/mspontocom.com.br\/site\/wp-json\/wp\/v2\/comments?post=162392"}],"version-history":[{"count":1,"href":"https:\/\/mspontocom.com.br\/site\/wp-json\/wp\/v2\/posts\/162392\/revisions"}],"predecessor-version":[{"id":162394,"href":"https:\/\/mspontocom.com.br\/site\/wp-json\/wp\/v2\/posts\/162392\/revisions\/162394"}],"wp:featuredmedia":[{"embeddable":true,"href":"https:\/\/mspontocom.com.br\/site\/wp-json\/wp\/v2\/media\/162393"}],"wp:attachment":[{"href":"https:\/\/mspontocom.com.br\/site\/wp-json\/wp\/v2\/media?parent=162392"}],"wp:term":[{"taxonomy":"category","embeddable":true,"href":"https:\/\/mspontocom.com.br\/site\/wp-json\/wp\/v2\/categories?post=162392"},{"taxonomy":"post_tag","embeddable":true,"href":"https:\/\/mspontocom.com.br\/site\/wp-json\/wp\/v2\/tags?post=162392"}],"curies":[{"name":"wp","href":"https:\/\/api.w.org\/{rel}","templated":true}]}}