{"id":162489,"date":"2021-08-09T09:13:52","date_gmt":"2021-08-09T13:13:52","guid":{"rendered":"https:\/\/mspontocom.com.br\/site\/?p=162489"},"modified":"2021-08-09T09:13:52","modified_gmt":"2021-08-09T13:13:52","slug":"multinacional-de-alimentos-abre-inscricoes-para-programa-de-estagio","status":"publish","type":"post","link":"https:\/\/mspontocom.com.br\/site\/multinacional-de-alimentos-abre-inscricoes-para-programa-de-estagio\/","title":{"rendered":"Multinacional de alimentos abre inscri\u00e7\u00f5es para Programa de Est\u00e1gio"},"content":{"rendered":"<p style=\"text-align: justify;\"><img loading=\"lazy\" class=\"alignnone size-full wp-image-162490\" src=\"https:\/\/mspontocom.com.br\/site\/wp-content\/uploads\/2021\/08\/site-multinacional-de-alimentos-abre-inscricoes-para-programa-de-estagio-kraft-e1628514655901.png\" alt=\"\" width=\"742\" height=\"535\" srcset=\"https:\/\/mspontocom.com.br\/site\/wp-content\/uploads\/2021\/08\/site-multinacional-de-alimentos-abre-inscricoes-para-programa-de-estagio-kraft-e1628514655901.png 742w, https:\/\/mspontocom.com.br\/site\/wp-content\/uploads\/2021\/08\/site-multinacional-de-alimentos-abre-inscricoes-para-programa-de-estagio-kraft-e1628514655901-260x187.png 260w\" sizes=\"(max-width: 742px) 100vw, 742px\" \/>A\u00a0<strong>Kraft Heinz<\/strong>, multinacional do ramo de alimentos e detentora das marcas Heinz e Quero no Brasil, est\u00e1 com inscri\u00e7\u00f5es abertas para o seu Programa de Est\u00e1gio 2022.<\/p>\n<p style=\"text-align: justify;\">Neste ano, a empresa mudou o formato do programa e vai buscar\u00a0 jovens que sejam os primeiros de suas fam\u00edlias a acessar o ensino superior.<\/p>\n<p style=\"text-align: justify;\">O programa conta com a parceria da Matchbox, startup e consultoria voltada a recursos humanos e recrutamento e sele\u00e7\u00e3o.<\/p>\n<p style=\"text-align: justify;\">Com objetivo de atrair mais inscritos , ser\u00e3o publicados tr\u00eas podcasts no perfil da Matchbox no Spotify, abordando os temas &#8220;Experi\u00eancia dos Colaboradores&#8221;, &#8220;Desenvolvimento Profissional&#8221; e &#8220;Diversidade&#8221;.<\/p>\n<p style=\"text-align: justify;\">Para se inscrever, \u00e9 necess\u00e1rio acessar o site\u00a0<a href=\"https:\/\/estagiokraftheinz.com.br\/\" target=\"_blank\" rel=\"noopener\">https:\/\/estagiokraftheinz.com.br<\/a>\u00a0e responder \u00e0s perguntas da Ket, a assistente virtual da\u00a0<strong>Kraft Heinz<\/strong><\/p>\n<p>O programa prev\u00ea vaga em todas as \u00e1reas da empresa, e os novos estagi\u00e1rios atuar\u00e3o em S\u00e3o Paulo e em Ner\u00f3polis, nas f\u00e1bricas da companhia. As inscri\u00e7\u00f5es v\u00e3o at\u00e9 27 de agosto<\/p>\n","protected":false},"excerpt":{"rendered":"<p>A\u00a0Kraft Heinz, multinacional do ramo de alimentos e detentora das marcas Heinz e Quero no Brasil, est\u00e1 com inscri\u00e7\u00f5es abertas para o seu Programa de Est\u00e1gio 2022. Neste ano, a empresa mudou o formato do programa e vai buscar\u00a0 jovens que sejam os primeiros de suas fam\u00edlias a acessar o ensino superior. O programa conta [&hellip;]<\/p>\n","protected":false},"author":2,"featured_media":162490,"comment_status":"open","ping_status":"open","sticky":false,"template":"","format":"standard","meta":{"_monsterinsights_skip_tracking":false,"_monsterinsights_sitenote_active":false,"_monsterinsights_sitenote_note":"","_monsterinsights_sitenote_category":0},"categories":[28176],"tags":[],"aioseo_notices":[],"_links":{"self":[{"href":"https:\/\/mspontocom.com.br\/site\/wp-json\/wp\/v2\/posts\/162489"}],"collection":[{"href":"https:\/\/mspontocom.com.br\/site\/wp-json\/wp\/v2\/posts"}],"about":[{"href":"https:\/\/mspontocom.com.br\/site\/wp-json\/wp\/v2\/types\/post"}],"author":[{"embeddable":true,"href":"https:\/\/mspontocom.com.br\/site\/wp-json\/wp\/v2\/users\/2"}],"replies":[{"embeddable":true,"href":"https:\/\/mspontocom.com.br\/site\/wp-json\/wp\/v2\/comments?post=162489"}],"version-history":[{"count":1,"href":"https:\/\/mspontocom.com.br\/site\/wp-json\/wp\/v2\/posts\/162489\/revisions"}],"predecessor-version":[{"id":162491,"href":"https:\/\/mspontocom.com.br\/site\/wp-json\/wp\/v2\/posts\/162489\/revisions\/162491"}],"wp:featuredmedia":[{"embeddable":true,"href":"https:\/\/mspontocom.com.br\/site\/wp-json\/wp\/v2\/media\/162490"}],"wp:attachment":[{"href":"https:\/\/mspontocom.com.br\/site\/wp-json\/wp\/v2\/media?parent=162489"}],"wp:term":[{"taxonomy":"category","embeddable":true,"href":"https:\/\/mspontocom.com.br\/site\/wp-json\/wp\/v2\/categories?post=162489"},{"taxonomy":"post_tag","embeddable":true,"href":"https:\/\/mspontocom.com.br\/site\/wp-json\/wp\/v2\/tags?post=162489"}],"curies":[{"name":"wp","href":"https:\/\/api.w.org\/{rel}","templated":true}]}}