{"id":162526,"date":"2021-08-10T08:09:18","date_gmt":"2021-08-10T12:09:18","guid":{"rendered":"https:\/\/mspontocom.com.br\/site\/?p=162526"},"modified":"2021-08-10T08:09:18","modified_gmt":"2021-08-10T12:09:18","slug":"alelo-abre-inscricoes-para-programa-codigo-sem-barreiras","status":"publish","type":"post","link":"https:\/\/mspontocom.com.br\/site\/alelo-abre-inscricoes-para-programa-codigo-sem-barreiras\/","title":{"rendered":"Alelo abre inscri\u00e7\u00f5es para Programa C\u00f3digo sem Barreiras"},"content":{"rendered":"<p style=\"text-align: justify;\"><img loading=\"lazy\" class=\"alignnone size-full wp-image-162527\" src=\"https:\/\/mspontocom.com.br\/site\/wp-content\/uploads\/2021\/08\/site-alelo-abre-inscricoes-para-programa-codigo-sem-barreiras-alelo-e1628597307935.jpg\" alt=\"\" width=\"1126\" height=\"633\" srcset=\"https:\/\/mspontocom.com.br\/site\/wp-content\/uploads\/2021\/08\/site-alelo-abre-inscricoes-para-programa-codigo-sem-barreiras-alelo-e1628597307935.jpg 1126w, https:\/\/mspontocom.com.br\/site\/wp-content\/uploads\/2021\/08\/site-alelo-abre-inscricoes-para-programa-codigo-sem-barreiras-alelo-e1628597307935-260x146.jpg 260w, https:\/\/mspontocom.com.br\/site\/wp-content\/uploads\/2021\/08\/site-alelo-abre-inscricoes-para-programa-codigo-sem-barreiras-alelo-e1628597307935-768x432.jpg 768w, https:\/\/mspontocom.com.br\/site\/wp-content\/uploads\/2021\/08\/site-alelo-abre-inscricoes-para-programa-codigo-sem-barreiras-alelo-e1628597307935-1024x576.jpg 1024w\" sizes=\"(max-width: 1126px) 100vw, 1126px\" \/>Est\u00e3o abertas as inscri\u00e7\u00f5es da\u00a0<strong>Alelo<\/strong>\u00a0para o Programa &#8220;C\u00f3digo sem Barreiras&#8221;, que busca aumentar a diversidade de pessoas com defici\u00eancia e neurodiversas na companhia.<\/p>\n<p style=\"text-align: justify;\">Ser uma pessoa com defici\u00eancia ou neurodiversa, ter conhecimento pr\u00e9vio em l\u00f3gica de programa\u00e7\u00e3o e na linguagem Java, disponibilidade para participar de 75% das aulas que acontecer\u00e3o de 23 de agosto a 18 de setembro (segunda a sexta-feira, das 19h \u00e0s 22h; s\u00e1bados, das 9h \u00e0s 16h), acesso \u00e0 internet de banda larga, possuir computador para acompanhar as aulas e se tornar #Alelolover, s\u00e3o os requisitos para participar da iniciativa.<\/p>\n<p style=\"text-align: justify;\">A Share RH\u00a0est\u00e1 conduzindo o programa &#8220;C\u00f3digo Sem Barreiras \u2013 Alelo&#8221;.<\/p>\n<p style=\"text-align: justify;\">As pessoas selecionadas\u00a0participar\u00e3o do programa de forma\u00e7\u00e3o C\u00f3digo sem Barreiras e, ao final, participar\u00e3o de processo seletivo para as vagas da Alelo.<\/p>\n<p style=\"text-align: justify;\">O prazo para inscri\u00e7\u00f5es no &#8220;C\u00f3digo sem Barreiras&#8221; vai at\u00e9 o dia 13 de agosto e elas podem ser feitas pelo link:\u00a0<a href=\"https:\/\/bit.ly\/3flQepo\" target=\"_blank\" rel=\"noopener\">https:\/\/bit.ly\/3flQepo<\/a>\u00a0ou pela p\u00e1gina de carreiras da\u00a0<strong>Alelo<\/strong>:\u00a0<a href=\"https:\/\/jobs.kenoby.com\/alelo\" target=\"_blank\" rel=\"noopener\">https:\/\/jobs.kenoby.com\/alelo<\/a>.<\/p>\n","protected":false},"excerpt":{"rendered":"<p>Est\u00e3o abertas as inscri\u00e7\u00f5es da\u00a0Alelo\u00a0para o Programa &#8220;C\u00f3digo sem Barreiras&#8221;, que busca aumentar a diversidade de pessoas com defici\u00eancia e neurodiversas na companhia. Ser uma pessoa com defici\u00eancia ou neurodiversa, ter conhecimento pr\u00e9vio em l\u00f3gica de programa\u00e7\u00e3o e na linguagem Java, disponibilidade para participar de 75% das aulas que acontecer\u00e3o de 23 de agosto a [&hellip;]<\/p>\n","protected":false},"author":2,"featured_media":162527,"comment_status":"open","ping_status":"open","sticky":false,"template":"","format":"standard","meta":{"_monsterinsights_skip_tracking":false,"_monsterinsights_sitenote_active":false,"_monsterinsights_sitenote_note":"","_monsterinsights_sitenote_category":0},"categories":[28176],"tags":[],"aioseo_notices":[],"_links":{"self":[{"href":"https:\/\/mspontocom.com.br\/site\/wp-json\/wp\/v2\/posts\/162526"}],"collection":[{"href":"https:\/\/mspontocom.com.br\/site\/wp-json\/wp\/v2\/posts"}],"about":[{"href":"https:\/\/mspontocom.com.br\/site\/wp-json\/wp\/v2\/types\/post"}],"author":[{"embeddable":true,"href":"https:\/\/mspontocom.com.br\/site\/wp-json\/wp\/v2\/users\/2"}],"replies":[{"embeddable":true,"href":"https:\/\/mspontocom.com.br\/site\/wp-json\/wp\/v2\/comments?post=162526"}],"version-history":[{"count":1,"href":"https:\/\/mspontocom.com.br\/site\/wp-json\/wp\/v2\/posts\/162526\/revisions"}],"predecessor-version":[{"id":162528,"href":"https:\/\/mspontocom.com.br\/site\/wp-json\/wp\/v2\/posts\/162526\/revisions\/162528"}],"wp:featuredmedia":[{"embeddable":true,"href":"https:\/\/mspontocom.com.br\/site\/wp-json\/wp\/v2\/media\/162527"}],"wp:attachment":[{"href":"https:\/\/mspontocom.com.br\/site\/wp-json\/wp\/v2\/media?parent=162526"}],"wp:term":[{"taxonomy":"category","embeddable":true,"href":"https:\/\/mspontocom.com.br\/site\/wp-json\/wp\/v2\/categories?post=162526"},{"taxonomy":"post_tag","embeddable":true,"href":"https:\/\/mspontocom.com.br\/site\/wp-json\/wp\/v2\/tags?post=162526"}],"curies":[{"name":"wp","href":"https:\/\/api.w.org\/{rel}","templated":true}]}}