{"id":162559,"date":"2021-08-11T08:08:12","date_gmt":"2021-08-11T12:08:12","guid":{"rendered":"https:\/\/mspontocom.com.br\/site\/?p=162559"},"modified":"2021-08-11T08:08:12","modified_gmt":"2021-08-11T12:08:12","slug":"camara-aprova-texto-base-da-mp-da-reducao-e-suspensao-de-salarios","status":"publish","type":"post","link":"https:\/\/mspontocom.com.br\/site\/camara-aprova-texto-base-da-mp-da-reducao-e-suspensao-de-salarios\/","title":{"rendered":"C\u00e2mara aprova texto-base da MP da redu\u00e7\u00e3o e suspens\u00e3o de sal\u00e1rios"},"content":{"rendered":"<p style=\"text-align: justify;\"><img loading=\"lazy\" class=\"alignnone size-full wp-image-162569\" src=\"https:\/\/mspontocom.com.br\/site\/wp-content\/uploads\/2021\/08\/site-camara-aprova-texto-base-da-mp-da-reducao-e-suspensao-de-salarios-mp.jpg\" alt=\"\" width=\"274\" height=\"184\" srcset=\"https:\/\/mspontocom.com.br\/site\/wp-content\/uploads\/2021\/08\/site-camara-aprova-texto-base-da-mp-da-reducao-e-suspensao-de-salarios-mp.jpg 274w, https:\/\/mspontocom.com.br\/site\/wp-content\/uploads\/2021\/08\/site-camara-aprova-texto-base-da-mp-da-reducao-e-suspensao-de-salarios-mp-260x175.jpg 260w\" sizes=\"(max-width: 274px) 100vw, 274px\" \/><\/p>\n<p style=\"text-align: justify;\">O texto-base da\u00a0<strong><a href=\"https:\/\/congressoemfoco.uol.com.br\/legislativo\/ao-vivo-camara-vota-suspensao-de-contratos-de-trabalho-na-pandemia\/\">Medida Provis\u00f3ria 1045\/21<\/a><\/strong>, que renova o programa de redu\u00e7\u00e3o ou suspens\u00e3o de sal\u00e1rios e jornada de trabalho com o pagamento de um benef\u00edcio emergencial aos trabalhadores\u00a0 foi aprovado pela\u00a0C\u00e2mara dos Deputados nesta ter\u00e7a (10)\u00a0 por 304 votos a 133.<\/p>\n<p style=\"text-align: justify;\">As regras valem para quem tem carteira assinada e para os contratos de aprendizagem e de jornada parcial.<\/p>\n<p style=\"text-align: justify;\">O relator, deputado Christino Aureo\u00a0(PP-RJ), apresentou parecer \u00e0s emendas de Plen\u00e1rio e acrescentou mudan\u00e7as no texto, como a permiss\u00e3o para sindicatos exercerem atividades econ\u00f4micas se n\u00e3o forem em car\u00e1ter de competi\u00e7\u00e3o com o mercado; e regras para o recebimento do benef\u00edcio emergencial para gestantes com redu\u00e7\u00e3o ou suspens\u00e3o do contrato trabalhista.<\/p>\n<p style=\"text-align: justify;\">Christino Aureo manteve ainda outros itens questionados pela oposi\u00e7\u00e3o, como programas de primeiro emprego e de requalifica\u00e7\u00e3o profissional, mudan\u00e7as na Consolida\u00e7\u00e3o das Leis do Trabalho (CLT) e defini\u00e7\u00e3o de quem pode contar com gratuidade no acesso \u00e0 Justi\u00e7a.<\/p>\n<p style=\"text-align: justify;\">\n<p>congresso em foco<\/p>\n","protected":false},"excerpt":{"rendered":"<p>O texto-base da\u00a0Medida Provis\u00f3ria 1045\/21, que renova o programa de redu\u00e7\u00e3o ou suspens\u00e3o de sal\u00e1rios e jornada de trabalho com o pagamento de um benef\u00edcio emergencial aos trabalhadores\u00a0 foi aprovado pela\u00a0C\u00e2mara dos Deputados nesta ter\u00e7a (10)\u00a0 por 304 votos a 133. As regras valem para quem tem carteira assinada e para os contratos de aprendizagem [&hellip;]<\/p>\n","protected":false},"author":2,"featured_media":162569,"comment_status":"open","ping_status":"open","sticky":false,"template":"","format":"standard","meta":{"_monsterinsights_skip_tracking":false,"_monsterinsights_sitenote_active":false,"_monsterinsights_sitenote_note":"","_monsterinsights_sitenote_category":0},"categories":[28176],"tags":[],"aioseo_notices":[],"_links":{"self":[{"href":"https:\/\/mspontocom.com.br\/site\/wp-json\/wp\/v2\/posts\/162559"}],"collection":[{"href":"https:\/\/mspontocom.com.br\/site\/wp-json\/wp\/v2\/posts"}],"about":[{"href":"https:\/\/mspontocom.com.br\/site\/wp-json\/wp\/v2\/types\/post"}],"author":[{"embeddable":true,"href":"https:\/\/mspontocom.com.br\/site\/wp-json\/wp\/v2\/users\/2"}],"replies":[{"embeddable":true,"href":"https:\/\/mspontocom.com.br\/site\/wp-json\/wp\/v2\/comments?post=162559"}],"version-history":[{"count":2,"href":"https:\/\/mspontocom.com.br\/site\/wp-json\/wp\/v2\/posts\/162559\/revisions"}],"predecessor-version":[{"id":162570,"href":"https:\/\/mspontocom.com.br\/site\/wp-json\/wp\/v2\/posts\/162559\/revisions\/162570"}],"wp:featuredmedia":[{"embeddable":true,"href":"https:\/\/mspontocom.com.br\/site\/wp-json\/wp\/v2\/media\/162569"}],"wp:attachment":[{"href":"https:\/\/mspontocom.com.br\/site\/wp-json\/wp\/v2\/media?parent=162559"}],"wp:term":[{"taxonomy":"category","embeddable":true,"href":"https:\/\/mspontocom.com.br\/site\/wp-json\/wp\/v2\/categories?post=162559"},{"taxonomy":"post_tag","embeddable":true,"href":"https:\/\/mspontocom.com.br\/site\/wp-json\/wp\/v2\/tags?post=162559"}],"curies":[{"name":"wp","href":"https:\/\/api.w.org\/{rel}","templated":true}]}}