{"id":162609,"date":"2021-08-12T09:52:45","date_gmt":"2021-08-12T13:52:45","guid":{"rendered":"https:\/\/mspontocom.com.br\/site\/?p=162609"},"modified":"2021-08-12T08:16:42","modified_gmt":"2021-08-12T12:16:42","slug":"ms-living-lab-e-sebrae-abrem-selecao-com-bolsa-de-ate-r-3-mil","status":"publish","type":"post","link":"https:\/\/mspontocom.com.br\/site\/ms-living-lab-e-sebrae-abrem-selecao-com-bolsa-de-ate-r-3-mil\/","title":{"rendered":"MS: Living Lab e Sebrae abrem sele\u00e7\u00e3o com bolsa de at\u00e9 R$ 3 mil"},"content":{"rendered":"<p style=\"text-align: justify;\"><img loading=\"lazy\" class=\"alignnone size-full wp-image-162610\" src=\"https:\/\/mspontocom.com.br\/site\/wp-content\/uploads\/2021\/08\/site-ms-living-lab-e-sebrae-abrem-selecao-com-bolsa-de-ate-r-3-mil-bolsa.jpg\" alt=\"\" width=\"600\" height=\"595\" srcset=\"https:\/\/mspontocom.com.br\/site\/wp-content\/uploads\/2021\/08\/site-ms-living-lab-e-sebrae-abrem-selecao-com-bolsa-de-ate-r-3-mil-bolsa.jpg 600w, https:\/\/mspontocom.com.br\/site\/wp-content\/uploads\/2021\/08\/site-ms-living-lab-e-sebrae-abrem-selecao-com-bolsa-de-ate-r-3-mil-bolsa-150x150.jpg 150w, https:\/\/mspontocom.com.br\/site\/wp-content\/uploads\/2021\/08\/site-ms-living-lab-e-sebrae-abrem-selecao-com-bolsa-de-ate-r-3-mil-bolsa-260x258.jpg 260w\" sizes=\"(max-width: 600px) 100vw, 600px\" \/><\/p>\n<p style=\"text-align: justify;\">Est\u00e3o abertas as inscri\u00e7\u00f5es para o edital que ir\u00e1 selecionar\u00a0 bolsistas para atuarem no Living Lab, laborat\u00f3rio de inova\u00e7\u00e3o iniciado pelo Sebrae\/MS em parceria com institui\u00e7\u00f5es p\u00fablicas e privadas.<\/p>\n<p style=\"text-align: justify;\">Os interessados, que ir\u00e3o auxiliar na amplia\u00e7\u00e3o e no acompanhamento de novos neg\u00f3cios de Mato Grosso do Sul, t\u00eam at\u00e9 a pr\u00f3xima segunda-feira (16) para se inscreverem.<\/p>\n<p>O edital \u00e9 uma iniciativa da Funda\u00e7\u00e3o de Apoio ao Desenvolvimento do Ensino, Ci\u00eancia e Tecnologia de MS (Fundect) em parceria com o Sebrae.<\/p>\n<p style=\"text-align: justify;\">A sele\u00e7\u00e3o busca profissionais para atuarem na promo\u00e7\u00e3o e viabiliza\u00e7\u00e3o de a\u00e7\u00f5es e projetos de inova\u00e7\u00e3o voltados principalmente a startups em Mato Grosso do Sul, al\u00e9m de facilitar o acesso dos empres\u00e1rios \u00e0 ado\u00e7\u00e3o de medidas inovadoras dos seus produtos, processos, marketing e organiza\u00e7\u00f5es.<\/p>\n<p style=\"text-align: justify;\"><b>Inscri\u00e7\u00f5es<\/b><\/p>\n<p>As inscri\u00e7\u00f5es podem ser feitas at\u00e9 o dia 16 de agosto. Todas as informa\u00e7\u00f5es referentes \u00e0s vagas e ao processo seletivo podem ser consultadas atrav\u00e9s do\u00a0<a href=\"https:\/\/seblink.sebrae.ms\/cl\/PLh0k\/K2S\/cb44\/F3jSwo-Ic_g\/BNpD\/PG7nYQfns6N\/1\/\" target=\"_blank\" rel=\"noopener\" data-saferedirecturl=\"https:\/\/www.google.com\/url?q=https:\/\/seblink.sebrae.ms\/cl\/PLh0k\/K2S\/cb44\/F3jSwo-Ic_g\/BNpD\/PG7nYQfns6N\/1\/&amp;source=gmail&amp;ust=1628850359171000&amp;usg=AFQjCNFwYk2etANbfKmibxGaHsOfA8ygVw\">edital<\/a>\u00a0ou pelo\u00a0<a href=\"https:\/\/seblink.sebrae.ms\/cl\/PLh0k\/K2S\/cb44\/F3jSwo-Ic_g\/BNpD\/DwluHrK2eyY\/1\/\" target=\"_blank\" rel=\"noopener\" data-saferedirecturl=\"https:\/\/www.google.com\/url?q=https:\/\/seblink.sebrae.ms\/cl\/PLh0k\/K2S\/cb44\/F3jSwo-Ic_g\/BNpD\/DwluHrK2eyY\/1\/&amp;source=gmail&amp;ust=1628850359171000&amp;usg=AFQjCNEowiEhKY2yi0di9sn_q2Dfwc4-Yg\">site do Living Lab<\/a>.<\/p>\n","protected":false},"excerpt":{"rendered":"<p>Est\u00e3o abertas as inscri\u00e7\u00f5es para o edital que ir\u00e1 selecionar\u00a0 bolsistas para atuarem no Living Lab, laborat\u00f3rio de inova\u00e7\u00e3o iniciado pelo Sebrae\/MS em parceria com institui\u00e7\u00f5es p\u00fablicas e privadas. Os interessados, que ir\u00e3o auxiliar na amplia\u00e7\u00e3o e no acompanhamento de novos neg\u00f3cios de Mato Grosso do Sul, t\u00eam at\u00e9 a pr\u00f3xima segunda-feira (16) para se [&hellip;]<\/p>\n","protected":false},"author":2,"featured_media":162610,"comment_status":"open","ping_status":"open","sticky":false,"template":"","format":"standard","meta":{"_monsterinsights_skip_tracking":false,"_monsterinsights_sitenote_active":false,"_monsterinsights_sitenote_note":"","_monsterinsights_sitenote_category":0},"categories":[28176],"tags":[],"aioseo_notices":[],"_links":{"self":[{"href":"https:\/\/mspontocom.com.br\/site\/wp-json\/wp\/v2\/posts\/162609"}],"collection":[{"href":"https:\/\/mspontocom.com.br\/site\/wp-json\/wp\/v2\/posts"}],"about":[{"href":"https:\/\/mspontocom.com.br\/site\/wp-json\/wp\/v2\/types\/post"}],"author":[{"embeddable":true,"href":"https:\/\/mspontocom.com.br\/site\/wp-json\/wp\/v2\/users\/2"}],"replies":[{"embeddable":true,"href":"https:\/\/mspontocom.com.br\/site\/wp-json\/wp\/v2\/comments?post=162609"}],"version-history":[{"count":1,"href":"https:\/\/mspontocom.com.br\/site\/wp-json\/wp\/v2\/posts\/162609\/revisions"}],"predecessor-version":[{"id":162611,"href":"https:\/\/mspontocom.com.br\/site\/wp-json\/wp\/v2\/posts\/162609\/revisions\/162611"}],"wp:featuredmedia":[{"embeddable":true,"href":"https:\/\/mspontocom.com.br\/site\/wp-json\/wp\/v2\/media\/162610"}],"wp:attachment":[{"href":"https:\/\/mspontocom.com.br\/site\/wp-json\/wp\/v2\/media?parent=162609"}],"wp:term":[{"taxonomy":"category","embeddable":true,"href":"https:\/\/mspontocom.com.br\/site\/wp-json\/wp\/v2\/categories?post=162609"},{"taxonomy":"post_tag","embeddable":true,"href":"https:\/\/mspontocom.com.br\/site\/wp-json\/wp\/v2\/tags?post=162609"}],"curies":[{"name":"wp","href":"https:\/\/api.w.org\/{rel}","templated":true}]}}