{"id":162613,"date":"2021-08-12T10:16:01","date_gmt":"2021-08-12T14:16:01","guid":{"rendered":"https:\/\/mspontocom.com.br\/site\/?p=162613"},"modified":"2021-08-12T10:17:18","modified_gmt":"2021-08-12T14:17:18","slug":"grupo-prysmian-abre-inscricoes-para-programa-de-trainee-internacional","status":"publish","type":"post","link":"https:\/\/mspontocom.com.br\/site\/grupo-prysmian-abre-inscricoes-para-programa-de-trainee-internacional\/","title":{"rendered":"Grupo Prysmian abre inscri\u00e7\u00f5es para programa de trainee internacional"},"content":{"rendered":"<div style=\"text-align: justify;\"><img loading=\"lazy\" class=\"alignnone size-full wp-image-162614\" src=\"https:\/\/mspontocom.com.br\/site\/wp-content\/uploads\/2021\/08\/site-grupo-prysmian-abre-inscricoes-para-programa-de-trainee-internacional-prisma-e1628770955480.jpg\" alt=\"\" width=\"1167\" height=\"534\" srcset=\"https:\/\/mspontocom.com.br\/site\/wp-content\/uploads\/2021\/08\/site-grupo-prysmian-abre-inscricoes-para-programa-de-trainee-internacional-prisma-e1628770955480.jpg 1167w, https:\/\/mspontocom.com.br\/site\/wp-content\/uploads\/2021\/08\/site-grupo-prysmian-abre-inscricoes-para-programa-de-trainee-internacional-prisma-e1628770955480-260x119.jpg 260w, https:\/\/mspontocom.com.br\/site\/wp-content\/uploads\/2021\/08\/site-grupo-prysmian-abre-inscricoes-para-programa-de-trainee-internacional-prisma-e1628770955480-768x351.jpg 768w, https:\/\/mspontocom.com.br\/site\/wp-content\/uploads\/2021\/08\/site-grupo-prysmian-abre-inscricoes-para-programa-de-trainee-internacional-prisma-e1628770955480-1024x469.jpg 1024w\" sizes=\"(max-width: 1167px) 100vw, 1167px\" \/>Est\u00e3o abertas as inscri\u00e7\u00f5es para o programa de trainee internacional do\u00a0<strong>Grupo Prysmian<\/strong>, multinacional de origem italiana e l\u00edder mundial na fabrica\u00e7\u00e3o de cabos de energia e telecomunica\u00e7\u00f5es.<\/div>\n<div style=\"text-align: justify;\"><\/div>\n<div style=\"text-align: justify;\">Jovens de todo o mundo t\u00eam at\u00e9 novembro para se inscrever no\u00a0<strong>Build the Future<\/strong>, que em 2021 completa onze edi\u00e7\u00f5es.<\/div>\n<div style=\"text-align: justify;\"><\/div>\n<div style=\"text-align: justify;\">Ap\u00f3s o processo seletivo, o programa se inicia nos pa\u00eds de contrata\u00e7\u00e3o com 1 ano de job rotation e depois os participantes assumem uma posi\u00e7\u00e3o por 3 anos em alguma localidade do Grupo Prysmian no exterior.<\/div>\n<div>\n<div style=\"text-align: justify;\"><\/div>\n<div style=\"text-align: justify;\">Podem se inscrever profissionais rec\u00e9m-graduados (at\u00e9 18 meses ap\u00f3s a emiss\u00e3o do diploma) ou que est\u00e3o prestes a encerrar a gradua\u00e7\u00e3o em cursos das \u00e1reas relacionadas \u00e0 Engenharia, Administra\u00e7\u00e3o e Economia.<\/div>\n<div style=\"text-align: justify;\"><\/div>\n<div style=\"text-align: justify;\">\u00c9 fundamental ser fluente em ingl\u00eas. Experi\u00eancias internacionais como est\u00e1gios e interc\u00e2mbios s\u00e3o pr\u00e9-requisito.<\/div>\n<div style=\"text-align: justify;\"><\/div>\n<div>\n<div style=\"text-align: justify;\"><strong>\u00a0Inscri\u00e7\u00e3o online<\/strong><\/div>\n<div style=\"text-align: justify;\">At\u00e9 de novembro de 2021 \u2013\u00a0<a href=\"https:\/\/www.prysmiangroup.com\/en\/people-and-careers\/what-we-offer\/graduate-program?fbclid=IwAR3XLaKH9r7utW6uIXOkjJLZM20zRRGX_i-ek38SEwwd_ZJqcCd9wjsElfc\" target=\"_blank\" rel=\"noopener\" data-saferedirecturl=\"https:\/\/www.google.com\/url?q=https:\/\/www.prysmiangroup.com\/en\/people-and-careers\/what-we-offer\/graduate-program?fbclid%3DIwAR3XLaKH9r7utW6uIXOkjJLZM20zRRGX_i-ek38SEwwd_ZJqcCd9wjsElfc&amp;source=gmail&amp;ust=1628850359185000&amp;usg=AFQjCNFhUS8NqyMGZqbwaj0YNVWtZWp5EQ\">clique aqui<\/a>\u00a0para se inscrever<\/div>\n<\/div>\n<\/div>\n","protected":false},"excerpt":{"rendered":"<p>Est\u00e3o abertas as inscri\u00e7\u00f5es para o programa de trainee internacional do\u00a0Grupo Prysmian, multinacional de origem italiana e l\u00edder mundial na fabrica\u00e7\u00e3o de cabos de energia e telecomunica\u00e7\u00f5es. Jovens de todo o mundo t\u00eam at\u00e9 novembro para se inscrever no\u00a0Build the Future, que em 2021 completa onze edi\u00e7\u00f5es. Ap\u00f3s o processo seletivo, o programa se inicia [&hellip;]<\/p>\n","protected":false},"author":2,"featured_media":162614,"comment_status":"open","ping_status":"open","sticky":false,"template":"","format":"standard","meta":{"_monsterinsights_skip_tracking":false,"_monsterinsights_sitenote_active":false,"_monsterinsights_sitenote_note":"","_monsterinsights_sitenote_category":0},"categories":[28176],"tags":[],"aioseo_notices":[],"_links":{"self":[{"href":"https:\/\/mspontocom.com.br\/site\/wp-json\/wp\/v2\/posts\/162613"}],"collection":[{"href":"https:\/\/mspontocom.com.br\/site\/wp-json\/wp\/v2\/posts"}],"about":[{"href":"https:\/\/mspontocom.com.br\/site\/wp-json\/wp\/v2\/types\/post"}],"author":[{"embeddable":true,"href":"https:\/\/mspontocom.com.br\/site\/wp-json\/wp\/v2\/users\/2"}],"replies":[{"embeddable":true,"href":"https:\/\/mspontocom.com.br\/site\/wp-json\/wp\/v2\/comments?post=162613"}],"version-history":[{"count":1,"href":"https:\/\/mspontocom.com.br\/site\/wp-json\/wp\/v2\/posts\/162613\/revisions"}],"predecessor-version":[{"id":162615,"href":"https:\/\/mspontocom.com.br\/site\/wp-json\/wp\/v2\/posts\/162613\/revisions\/162615"}],"wp:featuredmedia":[{"embeddable":true,"href":"https:\/\/mspontocom.com.br\/site\/wp-json\/wp\/v2\/media\/162614"}],"wp:attachment":[{"href":"https:\/\/mspontocom.com.br\/site\/wp-json\/wp\/v2\/media?parent=162613"}],"wp:term":[{"taxonomy":"category","embeddable":true,"href":"https:\/\/mspontocom.com.br\/site\/wp-json\/wp\/v2\/categories?post=162613"},{"taxonomy":"post_tag","embeddable":true,"href":"https:\/\/mspontocom.com.br\/site\/wp-json\/wp\/v2\/tags?post=162613"}],"curies":[{"name":"wp","href":"https:\/\/api.w.org\/{rel}","templated":true}]}}