{"id":162642,"date":"2021-08-13T08:23:15","date_gmt":"2021-08-13T12:23:15","guid":{"rendered":"https:\/\/mspontocom.com.br\/site\/?p=162642"},"modified":"2021-08-13T07:33:23","modified_gmt":"2021-08-13T11:33:23","slug":"ong-abre-inscricoes-para-programa-de-estagio-tech-em-homeoffice","status":"publish","type":"post","link":"https:\/\/mspontocom.com.br\/site\/ong-abre-inscricoes-para-programa-de-estagio-tech-em-homeoffice\/","title":{"rendered":"ONG abre inscri\u00e7\u00f5es para Programa de Est\u00e1gio Tech em homeoffice"},"content":{"rendered":"<p style=\"text-align: justify;\"><img loading=\"lazy\" class=\"alignnone size-full wp-image-162644\" src=\"https:\/\/mspontocom.com.br\/site\/wp-content\/uploads\/2021\/08\/site-gerando-falcoes-abre-inscricoes-para-programa-de-estagio-tech-em-homeoffice-gerando-falcoes.jpg\" alt=\"\" width=\"741\" height=\"481\" srcset=\"https:\/\/mspontocom.com.br\/site\/wp-content\/uploads\/2021\/08\/site-gerando-falcoes-abre-inscricoes-para-programa-de-estagio-tech-em-homeoffice-gerando-falcoes.jpg 741w, https:\/\/mspontocom.com.br\/site\/wp-content\/uploads\/2021\/08\/site-gerando-falcoes-abre-inscricoes-para-programa-de-estagio-tech-em-homeoffice-gerando-falcoes-260x169.jpg 260w\" sizes=\"(max-width: 741px) 100vw, 741px\" \/>A<strong> ONG Gerando Falc\u00f5es,<\/strong> liderada pelo empreendedor social<strong> Edu Lyra,<\/strong> em parceria com a Matchbox &#8211;\u00a0 abre inscri\u00e7\u00f5es para seu Programa de Est\u00e1gio Tech, entre 16 de agosto e 8 de setembro.<\/p>\n<p style=\"text-align: justify;\">Al\u00e9m da\u00a0bolsa-aux\u00edlio oferecida, os selecionados tamb\u00e9m ter\u00e3o outros benef\u00edcios como seguro de vida, vale refei\u00e7\u00e3o e vale alimenta\u00e7\u00e3o.<\/p>\n<p style=\"text-align: justify;\">Est\u00e3o dispon\u00edveis vagas para atuar em <strong>homeoffice<\/strong> e o programa tem dura\u00e7\u00e3o de 12 meses.<\/p>\n<p style=\"text-align: justify;\"><strong>Podem participar alunos de todo Brasil,<\/strong> a partir do pen\u00faltimo ano, matriculados em cursos de gradua\u00e7\u00e3o ou no \u00faltimo ano em cursos para forma\u00e7\u00e3o de tecn\u00f3logos, na \u00e1rea de tecnologia e dados.<\/p>\n<p style=\"text-align: justify;\">N\u00e3o \u00e9 exigida nenhuma experi\u00eancia ou dom\u00ednio de outros idiomas.<\/p>\n<p style=\"text-align: justify;\">Ao longo do programa, os estagi\u00e1rios tamb\u00e9m ter\u00e3o acesso \u00e0 plataforma de educa\u00e7\u00e3o em tecnologia Rocketseat, parceira da Gerando Falc\u00f5es.<\/p>\n<p style=\"text-align: justify;\">Interessados devem se inscrever, entre os dias 16 de agosto a 8 de setembro, pelo site\u00a0<a href=\"https:\/\/estagiogerandofalcoes.com.br\/\" target=\"_blank\" rel=\"noopener\" data-saferedirecturl=\"https:\/\/www.google.com\/url?q=https:\/\/estagiogerandofalcoes.com.br&amp;source=gmail&amp;ust=1628938021302000&amp;usg=AFQjCNH8g516iRMLpRQ6OEpM7iFzE43zLA\">estagiogerandofalcoes.com.br<\/a>.<\/p>\n<p style=\"text-align: justify;\"><strong>Sobre a Gerando Falc\u00f5es<\/strong><\/p>\n<p style=\"text-align: justify;\">A Gerando Falc\u00f5es \u00e9 um ecossistema de desenvolvimento social que atua em rede para acelerar o poder de impacto de l\u00edderes de favelas de todo pa\u00eds que possuem um sonho em comum: colocar a pobreza das favelas no museu. Seu foco s\u00e3o iniciativas transformadoras, capazes de gerar resultados de longo prazo. O projeto entrega servi\u00e7os de educa\u00e7\u00e3o, desenvolvimento econ\u00f4mico e cidadania em territ\u00f3rios de favela e executa programas de transforma\u00e7\u00e3o sist\u00eamica de favelas, como o Favela 3D.<\/p>\n<p style=\"text-align: justify;\">\n","protected":false},"excerpt":{"rendered":"<p>A ONG Gerando Falc\u00f5es, liderada pelo empreendedor social Edu Lyra, em parceria com a Matchbox &#8211;\u00a0 abre inscri\u00e7\u00f5es para seu Programa de Est\u00e1gio Tech, entre 16 de agosto e 8 de setembro. Al\u00e9m da\u00a0bolsa-aux\u00edlio oferecida, os selecionados tamb\u00e9m ter\u00e3o outros benef\u00edcios como seguro de vida, vale refei\u00e7\u00e3o e vale alimenta\u00e7\u00e3o. Est\u00e3o dispon\u00edveis vagas para atuar [&hellip;]<\/p>\n","protected":false},"author":2,"featured_media":162644,"comment_status":"open","ping_status":"open","sticky":false,"template":"","format":"standard","meta":{"_monsterinsights_skip_tracking":false,"_monsterinsights_sitenote_active":false,"_monsterinsights_sitenote_note":"","_monsterinsights_sitenote_category":0},"categories":[28176],"tags":[],"aioseo_notices":[],"_links":{"self":[{"href":"https:\/\/mspontocom.com.br\/site\/wp-json\/wp\/v2\/posts\/162642"}],"collection":[{"href":"https:\/\/mspontocom.com.br\/site\/wp-json\/wp\/v2\/posts"}],"about":[{"href":"https:\/\/mspontocom.com.br\/site\/wp-json\/wp\/v2\/types\/post"}],"author":[{"embeddable":true,"href":"https:\/\/mspontocom.com.br\/site\/wp-json\/wp\/v2\/users\/2"}],"replies":[{"embeddable":true,"href":"https:\/\/mspontocom.com.br\/site\/wp-json\/wp\/v2\/comments?post=162642"}],"version-history":[{"count":2,"href":"https:\/\/mspontocom.com.br\/site\/wp-json\/wp\/v2\/posts\/162642\/revisions"}],"predecessor-version":[{"id":162645,"href":"https:\/\/mspontocom.com.br\/site\/wp-json\/wp\/v2\/posts\/162642\/revisions\/162645"}],"wp:featuredmedia":[{"embeddable":true,"href":"https:\/\/mspontocom.com.br\/site\/wp-json\/wp\/v2\/media\/162644"}],"wp:attachment":[{"href":"https:\/\/mspontocom.com.br\/site\/wp-json\/wp\/v2\/media?parent=162642"}],"wp:term":[{"taxonomy":"category","embeddable":true,"href":"https:\/\/mspontocom.com.br\/site\/wp-json\/wp\/v2\/categories?post=162642"},{"taxonomy":"post_tag","embeddable":true,"href":"https:\/\/mspontocom.com.br\/site\/wp-json\/wp\/v2\/tags?post=162642"}],"curies":[{"name":"wp","href":"https:\/\/api.w.org\/{rel}","templated":true}]}}