{"id":162805,"date":"2021-08-20T06:24:24","date_gmt":"2021-08-20T10:24:24","guid":{"rendered":"https:\/\/mspontocom.com.br\/site\/?p=162805"},"modified":"2021-08-20T06:24:24","modified_gmt":"2021-08-20T10:24:24","slug":"movimentos-de-esquerda-vao-ao-mp-para-tentar-inverter-protesto-na-paulista-em-sete-de-setembro","status":"publish","type":"post","link":"https:\/\/mspontocom.com.br\/site\/movimentos-de-esquerda-vao-ao-mp-para-tentar-inverter-protesto-na-paulista-em-sete-de-setembro\/","title":{"rendered":"Movimentos de esquerda v\u00e3o ao MP para tentar \u2018inverter\u2019 protesto na Paulista em Sete de Setembro"},"content":{"rendered":"<p style=\"text-align: justify;\"><img loading=\"lazy\" class=\"alignnone size-full wp-image-162806\" src=\"https:\/\/mspontocom.com.br\/site\/wp-content\/uploads\/2021\/08\/site-movimentos-anti-bolsonaro-vao-ao-mp-para-tentar-inverter-protesto-na-paulista-em-sete-de-setembro-paulista-e1629454870629.jpg\" alt=\"\" width=\"909\" height=\"597\" srcset=\"https:\/\/mspontocom.com.br\/site\/wp-content\/uploads\/2021\/08\/site-movimentos-anti-bolsonaro-vao-ao-mp-para-tentar-inverter-protesto-na-paulista-em-sete-de-setembro-paulista-e1629454870629.jpg 909w, https:\/\/mspontocom.com.br\/site\/wp-content\/uploads\/2021\/08\/site-movimentos-anti-bolsonaro-vao-ao-mp-para-tentar-inverter-protesto-na-paulista-em-sete-de-setembro-paulista-e1629454870629-260x171.jpg 260w, https:\/\/mspontocom.com.br\/site\/wp-content\/uploads\/2021\/08\/site-movimentos-anti-bolsonaro-vao-ao-mp-para-tentar-inverter-protesto-na-paulista-em-sete-de-setembro-paulista-e1629454870629-768x504.jpg 768w\" sizes=\"(max-width: 909px) 100vw, 909px\" \/>Uma coaliz\u00e3o de 15 movimentos sociais assina uma a\u00e7\u00e3o protocolada hoje no Minist\u00e9rio P\u00fablico de S\u00e3o Paulo pedindo o direito de levar o\u00a0<strong>\u201cFora, Bolsonaro\u201d<\/strong>\u00a0\u00e0 Avenida Paulista no feriado de\u00a0<strong>Sete de Setembro<\/strong>.<\/p>\n<p style=\"text-align: justify;\">Grupos bolsonaristas t\u00eam divulgado ato para a mesma data e local.<\/p>\n<p style=\"text-align: justify;\">\u00a0No documento \u00e0 Justi\u00e7a, os opositores do governo argumentam que \u00e9 a vezes de se manifestarem, de acordo com o rod\u00edzio de atos que vem sendo mediado pela Pol\u00edcia Militar desde junho do ano passado.<\/p>\n<p style=\"text-align: justify;\">A PM liberou a Paulista para os apoiadores do governo justificando que houve um pedido de manifesta\u00e7\u00e3o de direita para o dia 24 de julho e que naquela data a prefer\u00eancia foi dada aos grupos associados \u00e0 esquerda.<\/p>\n<p style=\"text-align: justify;\">Na a\u00e7\u00e3o, os movimentos sociais contestam essa vers\u00e3o dizendo que o protocolo \u201cde direita\u201d feito para o dia 24 de julho era na verdade uma manifesta\u00e7\u00e3o individual de cunho religioso.<\/p>\n","protected":false},"excerpt":{"rendered":"<p>Uma coaliz\u00e3o de 15 movimentos sociais assina uma a\u00e7\u00e3o protocolada hoje no Minist\u00e9rio P\u00fablico de S\u00e3o Paulo pedindo o direito de levar o\u00a0\u201cFora, Bolsonaro\u201d\u00a0\u00e0 Avenida Paulista no feriado de\u00a0Sete de Setembro. Grupos bolsonaristas t\u00eam divulgado ato para a mesma data e local. \u00a0No documento \u00e0 Justi\u00e7a, os opositores do governo argumentam que \u00e9 a vezes [&hellip;]<\/p>\n","protected":false},"author":2,"featured_media":162806,"comment_status":"open","ping_status":"open","sticky":false,"template":"","format":"standard","meta":{"_monsterinsights_skip_tracking":false,"_monsterinsights_sitenote_active":false,"_monsterinsights_sitenote_note":"","_monsterinsights_sitenote_category":0},"categories":[6,30260,30259],"tags":[],"aioseo_notices":[],"_links":{"self":[{"href":"https:\/\/mspontocom.com.br\/site\/wp-json\/wp\/v2\/posts\/162805"}],"collection":[{"href":"https:\/\/mspontocom.com.br\/site\/wp-json\/wp\/v2\/posts"}],"about":[{"href":"https:\/\/mspontocom.com.br\/site\/wp-json\/wp\/v2\/types\/post"}],"author":[{"embeddable":true,"href":"https:\/\/mspontocom.com.br\/site\/wp-json\/wp\/v2\/users\/2"}],"replies":[{"embeddable":true,"href":"https:\/\/mspontocom.com.br\/site\/wp-json\/wp\/v2\/comments?post=162805"}],"version-history":[{"count":1,"href":"https:\/\/mspontocom.com.br\/site\/wp-json\/wp\/v2\/posts\/162805\/revisions"}],"predecessor-version":[{"id":162807,"href":"https:\/\/mspontocom.com.br\/site\/wp-json\/wp\/v2\/posts\/162805\/revisions\/162807"}],"wp:featuredmedia":[{"embeddable":true,"href":"https:\/\/mspontocom.com.br\/site\/wp-json\/wp\/v2\/media\/162806"}],"wp:attachment":[{"href":"https:\/\/mspontocom.com.br\/site\/wp-json\/wp\/v2\/media?parent=162805"}],"wp:term":[{"taxonomy":"category","embeddable":true,"href":"https:\/\/mspontocom.com.br\/site\/wp-json\/wp\/v2\/categories?post=162805"},{"taxonomy":"post_tag","embeddable":true,"href":"https:\/\/mspontocom.com.br\/site\/wp-json\/wp\/v2\/tags?post=162805"}],"curies":[{"name":"wp","href":"https:\/\/api.w.org\/{rel}","templated":true}]}}