{"id":162810,"date":"2021-08-20T07:24:33","date_gmt":"2021-08-20T11:24:33","guid":{"rendered":"https:\/\/mspontocom.com.br\/site\/?p=162810"},"modified":"2021-08-20T07:24:33","modified_gmt":"2021-08-20T11:24:33","slug":"bolsonaro-diz-que-vai-participar-de-atos-em-7-de-setembro-em-sp-e-no-df","status":"publish","type":"post","link":"https:\/\/mspontocom.com.br\/site\/bolsonaro-diz-que-vai-participar-de-atos-em-7-de-setembro-em-sp-e-no-df\/","title":{"rendered":"Bolsonaro diz que vai participar de atos em 7 de setembro em SP e no DF"},"content":{"rendered":"<p style=\"text-align: justify;\"><img loading=\"lazy\" class=\"alignnone size-full wp-image-162812\" src=\"https:\/\/mspontocom.com.br\/site\/wp-content\/uploads\/2021\/08\/site-bolsonaro-diz-que-vai-participar-de-atos-em-7-de-setembro-em-sp-e-no-df-independencia-do-brasil.jpg\" alt=\"\" width=\"600\" height=\"356\" srcset=\"https:\/\/mspontocom.com.br\/site\/wp-content\/uploads\/2021\/08\/site-bolsonaro-diz-que-vai-participar-de-atos-em-7-de-setembro-em-sp-e-no-df-independencia-do-brasil.jpg 600w, https:\/\/mspontocom.com.br\/site\/wp-content\/uploads\/2021\/08\/site-bolsonaro-diz-que-vai-participar-de-atos-em-7-de-setembro-em-sp-e-no-df-independencia-do-brasil-260x154.jpg 260w\" sizes=\"(max-width: 600px) 100vw, 600px\" \/><\/p>\n<p style=\"text-align: justify;\">O presidente Jair Bolsonaro disse que pretende participar dos atos de 7 de setembro, em Bras\u00edlia e S\u00e3o Paulo, organizados por seus aliados.<\/p>\n<p style=\"text-align: justify;\">As manifesta\u00e7\u00f5es ser\u00e3o direcionadas em defesa do governo e contra o Supremo.<\/p>\n<p style=\"text-align: justify;\"><span style=\"color: #ff0000;\">\u201cPerguntam onde estarei em 7 de setembro. Estarei, como sempre, onde o povo estiver. Posso adiantar: pretendo estar na Esplanada dos Minist\u00e9rios. Pretendo, \u00e0 tarde, estar na Paulista. E convido. Eu fui convidado e convido qualquer pol\u00edtico a comparecer ao evento. \u00c9 a segunda independ\u00eancia nossa\u201d, afirmou. \u201cSe \u00e9 dif\u00edcil lutar com liberdade, imagine lutar sem liberdade.\u201d,<\/span> disse o presidente.<\/p>\n<p style=\"text-align: justify;\">Depois de ter atacado Moraes e Barroso, Bolsonaro disse que est\u00e1 disposto a conversar com os dois ministros.<\/p>\n<p style=\"text-align: justify;\">&#8220;Quero paz, quero tranquilidade. Converso com o senhor Alexandre de Moraes, se ele quiser conversar comigo. Converso com o senhor Barroso, se quiser conversar comigo&#8221;, afirmou.<\/p>\n","protected":false},"excerpt":{"rendered":"<p>O presidente Jair Bolsonaro disse que pretende participar dos atos de 7 de setembro, em Bras\u00edlia e S\u00e3o Paulo, organizados por seus aliados. As manifesta\u00e7\u00f5es ser\u00e3o direcionadas em defesa do governo e contra o Supremo. \u201cPerguntam onde estarei em 7 de setembro. Estarei, como sempre, onde o povo estiver. Posso adiantar: pretendo estar na Esplanada [&hellip;]<\/p>\n","protected":false},"author":2,"featured_media":162812,"comment_status":"open","ping_status":"open","sticky":false,"template":"","format":"standard","meta":{"_monsterinsights_skip_tracking":false,"_monsterinsights_sitenote_active":false,"_monsterinsights_sitenote_note":"","_monsterinsights_sitenote_category":0},"categories":[6],"tags":[],"aioseo_notices":[],"_links":{"self":[{"href":"https:\/\/mspontocom.com.br\/site\/wp-json\/wp\/v2\/posts\/162810"}],"collection":[{"href":"https:\/\/mspontocom.com.br\/site\/wp-json\/wp\/v2\/posts"}],"about":[{"href":"https:\/\/mspontocom.com.br\/site\/wp-json\/wp\/v2\/types\/post"}],"author":[{"embeddable":true,"href":"https:\/\/mspontocom.com.br\/site\/wp-json\/wp\/v2\/users\/2"}],"replies":[{"embeddable":true,"href":"https:\/\/mspontocom.com.br\/site\/wp-json\/wp\/v2\/comments?post=162810"}],"version-history":[{"count":2,"href":"https:\/\/mspontocom.com.br\/site\/wp-json\/wp\/v2\/posts\/162810\/revisions"}],"predecessor-version":[{"id":162813,"href":"https:\/\/mspontocom.com.br\/site\/wp-json\/wp\/v2\/posts\/162810\/revisions\/162813"}],"wp:featuredmedia":[{"embeddable":true,"href":"https:\/\/mspontocom.com.br\/site\/wp-json\/wp\/v2\/media\/162812"}],"wp:attachment":[{"href":"https:\/\/mspontocom.com.br\/site\/wp-json\/wp\/v2\/media?parent=162810"}],"wp:term":[{"taxonomy":"category","embeddable":true,"href":"https:\/\/mspontocom.com.br\/site\/wp-json\/wp\/v2\/categories?post=162810"},{"taxonomy":"post_tag","embeddable":true,"href":"https:\/\/mspontocom.com.br\/site\/wp-json\/wp\/v2\/tags?post=162810"}],"curies":[{"name":"wp","href":"https:\/\/api.w.org\/{rel}","templated":true}]}}