{"id":162816,"date":"2021-08-20T08:41:36","date_gmt":"2021-08-20T12:41:36","guid":{"rendered":"https:\/\/mspontocom.com.br\/site\/?p=162816"},"modified":"2021-08-20T08:41:36","modified_gmt":"2021-08-20T12:41:36","slug":"inscricoes-abertas-para-vagas-de-estagio-e-trainee-no-boticario","status":"publish","type":"post","link":"https:\/\/mspontocom.com.br\/site\/inscricoes-abertas-para-vagas-de-estagio-e-trainee-no-boticario\/","title":{"rendered":"Inscri\u00e7\u00f5es abertas para vagas de est\u00e1gio e trainee no Botic\u00e1rio"},"content":{"rendered":"<p style=\"text-align: justify;\"><img loading=\"lazy\" class=\"alignnone size-full wp-image-162826\" src=\"https:\/\/mspontocom.com.br\/site\/wp-content\/uploads\/2021\/08\/site-inscricoes-abertas-para-vagas-de-estagio-e-trainee-no-boticario-boticario-600x460.png\" alt=\"\" width=\"600\" height=\"460\" srcset=\"https:\/\/mspontocom.com.br\/site\/wp-content\/uploads\/2021\/08\/site-inscricoes-abertas-para-vagas-de-estagio-e-trainee-no-boticario-boticario-600x460.png 600w, https:\/\/mspontocom.com.br\/site\/wp-content\/uploads\/2021\/08\/site-inscricoes-abertas-para-vagas-de-estagio-e-trainee-no-boticario-boticario-600x460-260x199.png 260w\" sizes=\"(max-width: 600px) 100vw, 600px\" \/><\/p>\n<p style=\"text-align: justify;\">Est\u00e3o abertas as inscri\u00e7\u00f5es do Grupo\u00a0<strong>Botic\u00e1rio<\/strong>\u00a0para\u00a0o programa de est\u00e1gio e trainee, com 65 novas vagas para trabalhar na empresa.<\/p>\n<p style=\"text-align: justify;\"><strong>Estudantes e profissionais rec\u00e9m-formados de todo o Brasil podem se inscrever at\u00e9 o dia 3 de setembro.<\/strong><\/p>\n<p style=\"text-align: justify;\">Para candidatar-se , o \u00fanico pr\u00e9-requisito \u00e9 que o participante esteja regularmente matriculado em um curso de ensino superior e cursando os \u00faltimos dois anos da gradua\u00e7\u00e3o (com formatura entre dezembro de 2022 e dezembro de 2023).<\/p>\n<p style=\"text-align: justify;\">Os novos estagi\u00e1rios ir\u00e3o para as \u00e1reas de Neg\u00f3cios, Marketing &amp; Comunica\u00e7\u00e3o, Opera\u00e7\u00f5es e Tecnologia.<\/p>\n<p style=\"text-align: justify;\">J\u00e1 os candidatos e candidatas \u00e0s vagas de <strong>trainee<\/strong> devem ter at\u00e9 2 anos de forma\u00e7\u00e3o, entre dezembro de 2019 e dezembro de 2021.<\/p>\n<p style=\"text-align: justify;\">Para diminuir barreiras de entrada, n\u00e3o h\u00e1 prefer\u00eancia por universidades\u00a0espec\u00edficas e a profici\u00eancia em l\u00edngua inglesa n\u00e3o \u00e9 uma exig\u00eancia.<\/p>\n<p style=\"text-align: justify;\">As inscri\u00e7\u00f5es v\u00e3o at\u00e9 3 de setembro e as etapas do processo est\u00e3o dispon\u00edveis no site do programa:\u00a0<a href=\"https:\/\/www.eufacobonito.com.br\/\" target=\"_blank\" rel=\"noopener\">www.eufacobonito.com.br<\/a>.<\/p>\n<p style=\"text-align: justify;\">O programa tem um processo de sele\u00e7\u00e3o 100% virtual e remoto, ampliando a diversidade regional do grupo e facilitando o acesso de talentos de todo o pa\u00eds.<\/p>\n<p>&nbsp;<\/p>\n<p>fonte: Douglas Terenciano, JC<\/p>\n","protected":false},"excerpt":{"rendered":"<p>Est\u00e3o abertas as inscri\u00e7\u00f5es do Grupo\u00a0Botic\u00e1rio\u00a0para\u00a0o programa de est\u00e1gio e trainee, com 65 novas vagas para trabalhar na empresa. Estudantes e profissionais rec\u00e9m-formados de todo o Brasil podem se inscrever at\u00e9 o dia 3 de setembro. Para candidatar-se , o \u00fanico pr\u00e9-requisito \u00e9 que o participante esteja regularmente matriculado em um curso de ensino superior [&hellip;]<\/p>\n","protected":false},"author":2,"featured_media":162826,"comment_status":"open","ping_status":"open","sticky":false,"template":"","format":"standard","meta":{"_monsterinsights_skip_tracking":false,"_monsterinsights_sitenote_active":false,"_monsterinsights_sitenote_note":"","_monsterinsights_sitenote_category":0},"categories":[28176,1],"tags":[],"aioseo_notices":[],"_links":{"self":[{"href":"https:\/\/mspontocom.com.br\/site\/wp-json\/wp\/v2\/posts\/162816"}],"collection":[{"href":"https:\/\/mspontocom.com.br\/site\/wp-json\/wp\/v2\/posts"}],"about":[{"href":"https:\/\/mspontocom.com.br\/site\/wp-json\/wp\/v2\/types\/post"}],"author":[{"embeddable":true,"href":"https:\/\/mspontocom.com.br\/site\/wp-json\/wp\/v2\/users\/2"}],"replies":[{"embeddable":true,"href":"https:\/\/mspontocom.com.br\/site\/wp-json\/wp\/v2\/comments?post=162816"}],"version-history":[{"count":2,"href":"https:\/\/mspontocom.com.br\/site\/wp-json\/wp\/v2\/posts\/162816\/revisions"}],"predecessor-version":[{"id":162827,"href":"https:\/\/mspontocom.com.br\/site\/wp-json\/wp\/v2\/posts\/162816\/revisions\/162827"}],"wp:featuredmedia":[{"embeddable":true,"href":"https:\/\/mspontocom.com.br\/site\/wp-json\/wp\/v2\/media\/162826"}],"wp:attachment":[{"href":"https:\/\/mspontocom.com.br\/site\/wp-json\/wp\/v2\/media?parent=162816"}],"wp:term":[{"taxonomy":"category","embeddable":true,"href":"https:\/\/mspontocom.com.br\/site\/wp-json\/wp\/v2\/categories?post=162816"},{"taxonomy":"post_tag","embeddable":true,"href":"https:\/\/mspontocom.com.br\/site\/wp-json\/wp\/v2\/tags?post=162816"}],"curies":[{"name":"wp","href":"https:\/\/api.w.org\/{rel}","templated":true}]}}