{"id":162837,"date":"2021-08-21T06:24:27","date_gmt":"2021-08-21T10:24:27","guid":{"rendered":"https:\/\/mspontocom.com.br\/site\/?p=162837"},"modified":"2021-08-21T06:24:27","modified_gmt":"2021-08-21T10:24:27","slug":"barroso-publica-post-provocativo-sobre-pedido-de-impeachment-de-moraes","status":"publish","type":"post","link":"https:\/\/mspontocom.com.br\/site\/barroso-publica-post-provocativo-sobre-pedido-de-impeachment-de-moraes\/","title":{"rendered":"Barroso publica post provocativo sobre pedido de impeachment de Moraes"},"content":{"rendered":"<p style=\"text-align: justify;\"><img loading=\"lazy\" class=\"alignnone size-full wp-image-162838\" src=\"https:\/\/mspontocom.com.br\/site\/wp-content\/uploads\/2021\/08\/site-barroso-publica-post-provocativo-sobre-pedido-de-impeachment-barroso-e1629541394120.jpg\" alt=\"\" width=\"661\" height=\"418\" srcset=\"https:\/\/mspontocom.com.br\/site\/wp-content\/uploads\/2021\/08\/site-barroso-publica-post-provocativo-sobre-pedido-de-impeachment-barroso-e1629541394120.jpg 661w, https:\/\/mspontocom.com.br\/site\/wp-content\/uploads\/2021\/08\/site-barroso-publica-post-provocativo-sobre-pedido-de-impeachment-barroso-e1629541394120-260x164.jpg 260w\" sizes=\"(max-width: 661px) 100vw, 661px\" \/><\/p>\n<p style=\"text-align: justify;\">Rea\u00e7\u00f5es ao pedido de impeachment do ministro Alexandre de Moraes, do STF, formalizado nesta sexta-feira (20) pelo presidente Jair Bolsonaro, mostraram que a \u201cqueda de bra\u00e7o\u201d com o chefe do Poder Executivo pode ter afetado a sisudez que caracteriza os ministros de tribunais superiores.<\/p>\n<p style=\"text-align: justify;\">Claramente em resposta ao presidente da Rep\u00fablica, Luis Roberto Barroso publicou em uma rede social um post provocativo, que pouco lembra a discri\u00e7\u00e3o observada em tribunais superiores.<\/p>\n<p style=\"text-align: justify;\">\u201cSob t\u00edtulo \u201cdicas da semana\u201d, Barroso recomenda \u201cum texto: Plano Cohen\u201d, e inclui um link para o documento divulgado pelo governo brasileiro em setembro de 1937, sobre um suposto plano para a tomada do poder pelos comunistas, que, anos mais tarde, comprovou-se ter sido forjado com a inten\u00e7\u00e3o de justificar a instaura\u00e7\u00e3o da ditadura do Estado Novo, em novembro de 1937.<\/p>\n<p style=\"text-align: justify;\">Tamb\u00e9m entre as \u201cdicas da semana\u201d, Barroso transcreveu um pensamento de Martin Luther King, como se fosse uma convoca\u00e7\u00e3o aos brasileiros: \u201cO que mais preocupa n\u00e3o \u00e9 o grito dos violentos, dos corruptos e dos sem \u00e9tica, mas o sil\u00eancio dos bons\u201d.<\/p>\n<p style=\"text-align: justify;\">Por fim, o presidente do STF apresenta sua dica de m\u00fasica: \u201cVai passar\u201d, sucesso de Chico Buarque nos anos 1970, com direito a link da m\u00fasica.<\/p>\n","protected":false},"excerpt":{"rendered":"<p>Rea\u00e7\u00f5es ao pedido de impeachment do ministro Alexandre de Moraes, do STF, formalizado nesta sexta-feira (20) pelo presidente Jair Bolsonaro, mostraram que a \u201cqueda de bra\u00e7o\u201d com o chefe do Poder Executivo pode ter afetado a sisudez que caracteriza os ministros de tribunais superiores. Claramente em resposta ao presidente da Rep\u00fablica, Luis Roberto Barroso publicou [&hellip;]<\/p>\n","protected":false},"author":2,"featured_media":162838,"comment_status":"open","ping_status":"open","sticky":false,"template":"","format":"standard","meta":{"_monsterinsights_skip_tracking":false,"_monsterinsights_sitenote_active":false,"_monsterinsights_sitenote_note":"","_monsterinsights_sitenote_category":0},"categories":[6,30260,30259],"tags":[],"aioseo_notices":[],"_links":{"self":[{"href":"https:\/\/mspontocom.com.br\/site\/wp-json\/wp\/v2\/posts\/162837"}],"collection":[{"href":"https:\/\/mspontocom.com.br\/site\/wp-json\/wp\/v2\/posts"}],"about":[{"href":"https:\/\/mspontocom.com.br\/site\/wp-json\/wp\/v2\/types\/post"}],"author":[{"embeddable":true,"href":"https:\/\/mspontocom.com.br\/site\/wp-json\/wp\/v2\/users\/2"}],"replies":[{"embeddable":true,"href":"https:\/\/mspontocom.com.br\/site\/wp-json\/wp\/v2\/comments?post=162837"}],"version-history":[{"count":1,"href":"https:\/\/mspontocom.com.br\/site\/wp-json\/wp\/v2\/posts\/162837\/revisions"}],"predecessor-version":[{"id":162839,"href":"https:\/\/mspontocom.com.br\/site\/wp-json\/wp\/v2\/posts\/162837\/revisions\/162839"}],"wp:featuredmedia":[{"embeddable":true,"href":"https:\/\/mspontocom.com.br\/site\/wp-json\/wp\/v2\/media\/162838"}],"wp:attachment":[{"href":"https:\/\/mspontocom.com.br\/site\/wp-json\/wp\/v2\/media?parent=162837"}],"wp:term":[{"taxonomy":"category","embeddable":true,"href":"https:\/\/mspontocom.com.br\/site\/wp-json\/wp\/v2\/categories?post=162837"},{"taxonomy":"post_tag","embeddable":true,"href":"https:\/\/mspontocom.com.br\/site\/wp-json\/wp\/v2\/tags?post=162837"}],"curies":[{"name":"wp","href":"https:\/\/api.w.org\/{rel}","templated":true}]}}