{"id":162840,"date":"2021-08-21T07:12:06","date_gmt":"2021-08-21T11:12:06","guid":{"rendered":"https:\/\/mspontocom.com.br\/site\/?p=162840"},"modified":"2021-08-21T07:47:23","modified_gmt":"2021-08-21T11:47:23","slug":"impeachment-de-moraes-e-combustivel-para-manifestacao-de-7-de-setembro","status":"publish","type":"post","link":"https:\/\/mspontocom.com.br\/site\/impeachment-de-moraes-e-combustivel-para-manifestacao-de-7-de-setembro\/","title":{"rendered":"Impeachment de Moraes \u00e9 combust\u00edvel para manifesta\u00e7\u00e3o de 7 de setembro"},"content":{"rendered":"<p style=\"text-align: justify;\"><img loading=\"lazy\" class=\"alignnone size-full wp-image-162844\" src=\"https:\/\/mspontocom.com.br\/site\/wp-content\/uploads\/2021\/08\/site-impeachment-de-moraes-e-combustivel-para-manifestacao-de-7-de-setembro-leia-bastidor-independencia-do-brasil-e1629544224333.jpg\" alt=\"\" width=\"588\" height=\"328\" srcset=\"https:\/\/mspontocom.com.br\/site\/wp-content\/uploads\/2021\/08\/site-impeachment-de-moraes-e-combustivel-para-manifestacao-de-7-de-setembro-leia-bastidor-independencia-do-brasil-e1629544224333.jpg 588w, https:\/\/mspontocom.com.br\/site\/wp-content\/uploads\/2021\/08\/site-impeachment-de-moraes-e-combustivel-para-manifestacao-de-7-de-setembro-leia-bastidor-independencia-do-brasil-e1629544224333-260x145.jpg 260w\" sizes=\"(max-width: 588px) 100vw, 588px\" \/><\/p>\n<p style=\"text-align: justify;\">O\u00a0presidente Jair Bolsonaro\u00a0passou \u00e0 a\u00e7\u00e3o. Mesmo desaconselhado por auxiliares e pela c\u00fapula do Congresso, assinou nesta sexta-feira, dia 20, um pedido formal de impeachment do ministro Alexandre de Moraes, respons\u00e1vel pelo andamento de processos contra ele e apoiadores no STF.<\/p>\n<p style=\"text-align: justify;\">O ato in\u00e9dito do chefe de um poder, o Executivo, ao pedir a destitui\u00e7\u00e3o de um membro da c\u00fapula de outro, o Judici\u00e1rio, inflama os militantes bolsonaristas para a manifesta\u00e7\u00e3o que amea\u00e7am promover no Sete de Setembro.<\/p>\n<p style=\"text-align: justify;\">Querem promover marchas, acampamento em Bras\u00edlia e greve de caminhoneiros por tempo indeterminado.<\/p>\n<p style=\"text-align: justify;\">Prontamente, o protocolo da den\u00fancia contra Moraes serviu de combust\u00edvel nas redes de WhatsApp da tropa bolsonarista que clama pelo fechamento do Supremo e interven\u00e7\u00e3o militar.<\/p>\n<p style=\"text-align: justify;\">A palavra de ordem bolsonarista agora \u00e9: \u201cou abrem o impeachment ou paramos o Pa\u00eds\u201d.<\/p>\n","protected":false},"excerpt":{"rendered":"<p>O\u00a0presidente Jair Bolsonaro\u00a0passou \u00e0 a\u00e7\u00e3o. Mesmo desaconselhado por auxiliares e pela c\u00fapula do Congresso, assinou nesta sexta-feira, dia 20, um pedido formal de impeachment do ministro Alexandre de Moraes, respons\u00e1vel pelo andamento de processos contra ele e apoiadores no STF. O ato in\u00e9dito do chefe de um poder, o Executivo, ao pedir a destitui\u00e7\u00e3o de [&hellip;]<\/p>\n","protected":false},"author":2,"featured_media":162844,"comment_status":"open","ping_status":"open","sticky":false,"template":"","format":"standard","meta":{"_monsterinsights_skip_tracking":false,"_monsterinsights_sitenote_active":false,"_monsterinsights_sitenote_note":"","_monsterinsights_sitenote_category":0},"categories":[6,30260,30259],"tags":[],"aioseo_notices":[],"_links":{"self":[{"href":"https:\/\/mspontocom.com.br\/site\/wp-json\/wp\/v2\/posts\/162840"}],"collection":[{"href":"https:\/\/mspontocom.com.br\/site\/wp-json\/wp\/v2\/posts"}],"about":[{"href":"https:\/\/mspontocom.com.br\/site\/wp-json\/wp\/v2\/types\/post"}],"author":[{"embeddable":true,"href":"https:\/\/mspontocom.com.br\/site\/wp-json\/wp\/v2\/users\/2"}],"replies":[{"embeddable":true,"href":"https:\/\/mspontocom.com.br\/site\/wp-json\/wp\/v2\/comments?post=162840"}],"version-history":[{"count":3,"href":"https:\/\/mspontocom.com.br\/site\/wp-json\/wp\/v2\/posts\/162840\/revisions"}],"predecessor-version":[{"id":162855,"href":"https:\/\/mspontocom.com.br\/site\/wp-json\/wp\/v2\/posts\/162840\/revisions\/162855"}],"wp:featuredmedia":[{"embeddable":true,"href":"https:\/\/mspontocom.com.br\/site\/wp-json\/wp\/v2\/media\/162844"}],"wp:attachment":[{"href":"https:\/\/mspontocom.com.br\/site\/wp-json\/wp\/v2\/media?parent=162840"}],"wp:term":[{"taxonomy":"category","embeddable":true,"href":"https:\/\/mspontocom.com.br\/site\/wp-json\/wp\/v2\/categories?post=162840"},{"taxonomy":"post_tag","embeddable":true,"href":"https:\/\/mspontocom.com.br\/site\/wp-json\/wp\/v2\/tags?post=162840"}],"curies":[{"name":"wp","href":"https:\/\/api.w.org\/{rel}","templated":true}]}}