{"id":162852,"date":"2021-08-21T08:55:26","date_gmt":"2021-08-21T12:55:26","guid":{"rendered":"https:\/\/mspontocom.com.br\/site\/?p=162852"},"modified":"2021-08-21T07:42:06","modified_gmt":"2021-08-21T11:42:06","slug":"carrefour-oferece-vagas-para-pessoas-com-deficiencia","status":"publish","type":"post","link":"https:\/\/mspontocom.com.br\/site\/carrefour-oferece-vagas-para-pessoas-com-deficiencia\/","title":{"rendered":"Carrefour oferece vagas para pessoas com defici\u00eancia"},"content":{"rendered":"<p style=\"text-align: justify;\"><img loading=\"lazy\" class=\"alignnone size-full wp-image-162853\" src=\"https:\/\/mspontocom.com.br\/site\/wp-content\/uploads\/2021\/08\/site-carrefour-oferece-vagas-para-pessoas-com-deficiencia-carrefour-contrata-1920x1080-e1629546078134.jpg\" alt=\"\" width=\"1468\" height=\"1017\" srcset=\"https:\/\/mspontocom.com.br\/site\/wp-content\/uploads\/2021\/08\/site-carrefour-oferece-vagas-para-pessoas-com-deficiencia-carrefour-contrata-1920x1080-e1629546078134.jpg 1468w, https:\/\/mspontocom.com.br\/site\/wp-content\/uploads\/2021\/08\/site-carrefour-oferece-vagas-para-pessoas-com-deficiencia-carrefour-contrata-1920x1080-e1629546078134-260x180.jpg 260w, https:\/\/mspontocom.com.br\/site\/wp-content\/uploads\/2021\/08\/site-carrefour-oferece-vagas-para-pessoas-com-deficiencia-carrefour-contrata-1920x1080-e1629546078134-768x532.jpg 768w, https:\/\/mspontocom.com.br\/site\/wp-content\/uploads\/2021\/08\/site-carrefour-oferece-vagas-para-pessoas-com-deficiencia-carrefour-contrata-1920x1080-e1629546078134-1024x709.jpg 1024w\" sizes=\"(max-width: 1468px) 100vw, 1468px\" \/>O\u00a0<strong>Carrefour<\/strong>\u00a0realizar\u00e1 entre os dias 23 e 27 de agosto uma a\u00e7\u00e3o voltada especificamente para a <strong>contrata\u00e7\u00e3o de pessoas com defici\u00eancia em todo o Brasil. <\/strong><\/p>\n<p style=\"text-align: justify;\">Com diversas edi\u00e7\u00f5es ao longo do ano, as chamadas Semanas ou Dias D consistem em datas especiais voltadas para a contrata\u00e7\u00e3o de profissionais de perfis diversos.<\/p>\n<p style=\"text-align: justify;\">H\u00e1 oportunidades para recepcionista de caixa, repositor, agente de fiscaliza\u00e7\u00e3o, auxiliar de perec\u00edveis, a\u00e7ougueiro, padeiro, peixeiro, frentista, atendente de drogaria, entre outros.<\/p>\n<p style=\"text-align: justify;\">Todas as etapas do processo seletivo acontecem de forma online, com exce\u00e7\u00e3o da entrevista com o gestor que \u00e9 realizada presencialmente para que o candidato possa visitar a unidade e visualizar a fun\u00e7\u00e3o que ser\u00e1 desempenhada.<\/p>\n<p style=\"text-align: justify;\">As inscri\u00e7\u00f5es acontecem entre os dias 23 e 27 de agosto pelo site:\u00a0<a href=\"https:\/\/bit.ly\/3D1rLjp\" target=\"_blank\" rel=\"noopener\">https:\/\/bit.ly\/3D1rLjp<\/a>.<\/p>\n<p>&nbsp;<\/p>\n<p>foto ilustra\u00e7\u00e3o: Jornal Inclusivo<\/p>\n","protected":false},"excerpt":{"rendered":"<p>O\u00a0Carrefour\u00a0realizar\u00e1 entre os dias 23 e 27 de agosto uma a\u00e7\u00e3o voltada especificamente para a contrata\u00e7\u00e3o de pessoas com defici\u00eancia em todo o Brasil. Com diversas edi\u00e7\u00f5es ao longo do ano, as chamadas Semanas ou Dias D consistem em datas especiais voltadas para a contrata\u00e7\u00e3o de profissionais de perfis diversos. H\u00e1 oportunidades para recepcionista de [&hellip;]<\/p>\n","protected":false},"author":2,"featured_media":162853,"comment_status":"open","ping_status":"open","sticky":false,"template":"","format":"standard","meta":{"_monsterinsights_skip_tracking":false,"_monsterinsights_sitenote_active":false,"_monsterinsights_sitenote_note":"","_monsterinsights_sitenote_category":0},"categories":[28176],"tags":[],"aioseo_notices":[],"_links":{"self":[{"href":"https:\/\/mspontocom.com.br\/site\/wp-json\/wp\/v2\/posts\/162852"}],"collection":[{"href":"https:\/\/mspontocom.com.br\/site\/wp-json\/wp\/v2\/posts"}],"about":[{"href":"https:\/\/mspontocom.com.br\/site\/wp-json\/wp\/v2\/types\/post"}],"author":[{"embeddable":true,"href":"https:\/\/mspontocom.com.br\/site\/wp-json\/wp\/v2\/users\/2"}],"replies":[{"embeddable":true,"href":"https:\/\/mspontocom.com.br\/site\/wp-json\/wp\/v2\/comments?post=162852"}],"version-history":[{"count":1,"href":"https:\/\/mspontocom.com.br\/site\/wp-json\/wp\/v2\/posts\/162852\/revisions"}],"predecessor-version":[{"id":162854,"href":"https:\/\/mspontocom.com.br\/site\/wp-json\/wp\/v2\/posts\/162852\/revisions\/162854"}],"wp:featuredmedia":[{"embeddable":true,"href":"https:\/\/mspontocom.com.br\/site\/wp-json\/wp\/v2\/media\/162853"}],"wp:attachment":[{"href":"https:\/\/mspontocom.com.br\/site\/wp-json\/wp\/v2\/media?parent=162852"}],"wp:term":[{"taxonomy":"category","embeddable":true,"href":"https:\/\/mspontocom.com.br\/site\/wp-json\/wp\/v2\/categories?post=162852"},{"taxonomy":"post_tag","embeddable":true,"href":"https:\/\/mspontocom.com.br\/site\/wp-json\/wp\/v2\/tags?post=162852"}],"curies":[{"name":"wp","href":"https:\/\/api.w.org\/{rel}","templated":true}]}}