{"id":162856,"date":"2021-08-22T07:00:24","date_gmt":"2021-08-22T11:00:24","guid":{"rendered":"https:\/\/mspontocom.com.br\/site\/?p=162856"},"modified":"2021-08-22T07:00:24","modified_gmt":"2021-08-22T11:00:24","slug":"ex-presidentes-consultam-generais-sobre-risco-de-golpe-no-pais","status":"publish","type":"post","link":"https:\/\/mspontocom.com.br\/site\/ex-presidentes-consultam-generais-sobre-risco-de-golpe-no-pais\/","title":{"rendered":"Ex-presidentes consultam generais sobre risco de golpe no Pa\u00eds"},"content":{"rendered":"<p style=\"text-align: justify;\"><img loading=\"lazy\" class=\"alignnone size-full wp-image-162862\" src=\"https:\/\/mspontocom.com.br\/site\/wp-content\/uploads\/2021\/08\/site-ex-presidentes-consultam-generais-sobre-risco-de-golpe-no-pais-militares-e-bolsonaro-e1629629949514.jpg\" alt=\"\" width=\"724\" height=\"432\" srcset=\"https:\/\/mspontocom.com.br\/site\/wp-content\/uploads\/2021\/08\/site-ex-presidentes-consultam-generais-sobre-risco-de-golpe-no-pais-militares-e-bolsonaro-e1629629949514.jpg 724w, https:\/\/mspontocom.com.br\/site\/wp-content\/uploads\/2021\/08\/site-ex-presidentes-consultam-generais-sobre-risco-de-golpe-no-pais-militares-e-bolsonaro-e1629629949514-260x155.jpg 260w\" sizes=\"(max-width: 724px) 100vw, 724px\" \/><\/p>\n<p style=\"text-align: justify;\">A amea\u00e7a do presidente Jair Bolsonaro de n\u00e3o aceitar as elei\u00e7\u00f5es de 2022\u00a0sem a ado\u00e7\u00e3o do voto impresso levaram cinco ex-presidente da Rep\u00fablica a procurar contatos com militares para saber a disposi\u00e7\u00e3o dos quart\u00e9is.<\/p>\n<p style=\"text-align: justify;\">Emiss\u00e1rios ouviram de generais da reserva e da ativa a garantia de que as elei\u00e7\u00f5es v\u00e3o acontecer e de que o vencedor \u2013 seja quem for \u2013 tomar\u00e1 posse.<\/p>\n<p style=\"text-align: justify;\">Os generais foram indagados sobre as constantes apari\u00e7\u00f5es de Bolsonaro em solenidades militares das For\u00e7as Armadas e em formaturas de cadetes e sargentos.<\/p>\n<p style=\"text-align: justify;\">Eles explicaram aos seus interlocutores que n\u00e3o podem impedir a presen\u00e7a do presidente nesses eventos, mas que ela n\u00e3o ser\u00e1 suficiente para romper a hierarquia.<\/p>\n<p style=\"text-align: justify;\">Os chefes militares, por\u00e9m, externaram preocupa\u00e7\u00e3o de que o presidente e seus aliados tentem fazer isso \u2013 e tenham sucesso \u2013 com as Pol\u00edcias Militares.<\/p>\n<p style=\"text-align: justify;\">O risco de rompimento da cadeia de comando nas PMs \u00e9 monitorado pelas For\u00e7as Armadas.<\/p>\n<p style=\"text-align: justify;\">Os ex-presidentes que se mobilizaram para contatar os militares s\u00e3o\u00a0<a href=\"https:\/\/tudo-sobre.estadao.com.br\/michel-temer\"><strong>Michel Temer<\/strong><\/a>,\u00a0<a href=\"https:\/\/tudo-sobre.estadao.com.br\/fernando-henrique-carfoso\"><strong>Fernando Henrique Cardoso<\/strong><\/a>,\u00a0<a href=\"https:\/\/tudo-sobre.estadao.com.br\/lula\"><strong>Luiz In\u00e1cio Lula da Silva<\/strong><\/a>,\u00a0<a href=\"https:\/\/tudo-sobre.estadao.com.br\/jose-sarney\"><strong>Jos\u00e9 Sarney<\/strong><\/a>\u00a0e\u00a0<a href=\"https:\/\/tudo-sobre.estadao.com.br\/fernando-collor\"><strong>Fernando Collor<\/strong><\/a>.<\/p>\n<p style=\"text-align: justify;\">\n<p style=\"text-align: justify;\">\n<p style=\"text-align: justify;\">fonte: Marcelo Godoy e Pedro Venceslau, O Estado de S.Paulo<\/p>\n","protected":false},"excerpt":{"rendered":"<p>A amea\u00e7a do presidente Jair Bolsonaro de n\u00e3o aceitar as elei\u00e7\u00f5es de 2022\u00a0sem a ado\u00e7\u00e3o do voto impresso levaram cinco ex-presidente da Rep\u00fablica a procurar contatos com militares para saber a disposi\u00e7\u00e3o dos quart\u00e9is. Emiss\u00e1rios ouviram de generais da reserva e da ativa a garantia de que as elei\u00e7\u00f5es v\u00e3o acontecer e de que o [&hellip;]<\/p>\n","protected":false},"author":2,"featured_media":162862,"comment_status":"open","ping_status":"open","sticky":false,"template":"","format":"standard","meta":{"_monsterinsights_skip_tracking":false,"_monsterinsights_sitenote_active":false,"_monsterinsights_sitenote_note":"","_monsterinsights_sitenote_category":0},"categories":[6,30260,30259],"tags":[],"aioseo_notices":[],"_links":{"self":[{"href":"https:\/\/mspontocom.com.br\/site\/wp-json\/wp\/v2\/posts\/162856"}],"collection":[{"href":"https:\/\/mspontocom.com.br\/site\/wp-json\/wp\/v2\/posts"}],"about":[{"href":"https:\/\/mspontocom.com.br\/site\/wp-json\/wp\/v2\/types\/post"}],"author":[{"embeddable":true,"href":"https:\/\/mspontocom.com.br\/site\/wp-json\/wp\/v2\/users\/2"}],"replies":[{"embeddable":true,"href":"https:\/\/mspontocom.com.br\/site\/wp-json\/wp\/v2\/comments?post=162856"}],"version-history":[{"count":2,"href":"https:\/\/mspontocom.com.br\/site\/wp-json\/wp\/v2\/posts\/162856\/revisions"}],"predecessor-version":[{"id":162863,"href":"https:\/\/mspontocom.com.br\/site\/wp-json\/wp\/v2\/posts\/162856\/revisions\/162863"}],"wp:featuredmedia":[{"embeddable":true,"href":"https:\/\/mspontocom.com.br\/site\/wp-json\/wp\/v2\/media\/162862"}],"wp:attachment":[{"href":"https:\/\/mspontocom.com.br\/site\/wp-json\/wp\/v2\/media?parent=162856"}],"wp:term":[{"taxonomy":"category","embeddable":true,"href":"https:\/\/mspontocom.com.br\/site\/wp-json\/wp\/v2\/categories?post=162856"},{"taxonomy":"post_tag","embeddable":true,"href":"https:\/\/mspontocom.com.br\/site\/wp-json\/wp\/v2\/tags?post=162856"}],"curies":[{"name":"wp","href":"https:\/\/api.w.org\/{rel}","templated":true}]}}