{"id":162858,"date":"2021-08-22T06:51:02","date_gmt":"2021-08-22T10:51:02","guid":{"rendered":"https:\/\/mspontocom.com.br\/site\/?p=162858"},"modified":"2021-08-22T06:51:02","modified_gmt":"2021-08-22T10:51:02","slug":"bolsonaro-impoe-desgaste-ao-stf-mostra-levantamento","status":"publish","type":"post","link":"https:\/\/mspontocom.com.br\/site\/bolsonaro-impoe-desgaste-ao-stf-mostra-levantamento\/","title":{"rendered":"Bolsonaro imp\u00f5e desgaste ao STF, mostra levantamento"},"content":{"rendered":"<p style=\"text-align: justify;\"><img loading=\"lazy\" class=\"alignnone size-full wp-image-162860\" src=\"https:\/\/mspontocom.com.br\/site\/wp-content\/uploads\/2021\/08\/site-bolsonaro-impoe-desgaste-ao-stf-mostra-levantamento-ministros-do-stf-alexandre-de-morae-e-luis-barroso-com-o-presidente-bolsonaro-ao-centro-e1629629396964.jpeg\" alt=\"\" width=\"794\" height=\"410\" srcset=\"https:\/\/mspontocom.com.br\/site\/wp-content\/uploads\/2021\/08\/site-bolsonaro-impoe-desgaste-ao-stf-mostra-levantamento-ministros-do-stf-alexandre-de-morae-e-luis-barroso-com-o-presidente-bolsonaro-ao-centro-e1629629396964.jpeg 794w, https:\/\/mspontocom.com.br\/site\/wp-content\/uploads\/2021\/08\/site-bolsonaro-impoe-desgaste-ao-stf-mostra-levantamento-ministros-do-stf-alexandre-de-morae-e-luis-barroso-com-o-presidente-bolsonaro-ao-centro-e1629629396964-260x134.jpeg 260w, https:\/\/mspontocom.com.br\/site\/wp-content\/uploads\/2021\/08\/site-bolsonaro-impoe-desgaste-ao-stf-mostra-levantamento-ministros-do-stf-alexandre-de-morae-e-luis-barroso-com-o-presidente-bolsonaro-ao-centro-e1629629396964-768x397.jpeg 768w\" sizes=\"(max-width: 794px) 100vw, 794px\" \/>O sentimento negativo nas redes sociais em rela\u00e7\u00e3o ao STF tem pesado contra a Corte, principalmente ap\u00f3s a pris\u00e3o de Roberto Jefferson, no dia 13 deste m\u00eas, quando houve um pico de men\u00e7\u00f5es desfavor\u00e1veis, mostra levantamento da Quaest Pesquisa e Consultoria feito para a\u00a0<strong><em>Coluna do Estad\u00e3o.<\/em><\/strong><\/p>\n<p style=\"text-align: justify;\">Entre os dias 5 e 18, foram mais de 2 milh\u00f5es de men\u00e7\u00f5es, por quase 250 mil usu\u00e1rios, o que representa aumento de 72% em compara\u00e7\u00e3o aos 14 dias anteriores.<\/p>\n<p style=\"text-align: justify;\">A hashtag mais comentada foi \u201cSTF vergonha nacional\u201d. O perfil mais mencionado foi o de Jair Bolsonaro.<\/p>\n<p style=\"text-align: justify;\">No per\u00edodo analisado, o principal alvo dos bolsonaristas nas redes foi o ministro Lu\u00eds Roberto Barroso\u00a0por conta da disputa em torno do voto impresso com o presidente.<\/p>\n<p>&nbsp;<\/p>\n","protected":false},"excerpt":{"rendered":"<p>O sentimento negativo nas redes sociais em rela\u00e7\u00e3o ao STF tem pesado contra a Corte, principalmente ap\u00f3s a pris\u00e3o de Roberto Jefferson, no dia 13 deste m\u00eas, quando houve um pico de men\u00e7\u00f5es desfavor\u00e1veis, mostra levantamento da Quaest Pesquisa e Consultoria feito para a\u00a0Coluna do Estad\u00e3o. Entre os dias 5 e 18, foram mais de [&hellip;]<\/p>\n","protected":false},"author":2,"featured_media":162860,"comment_status":"open","ping_status":"open","sticky":false,"template":"","format":"standard","meta":{"_monsterinsights_skip_tracking":false,"_monsterinsights_sitenote_active":false,"_monsterinsights_sitenote_note":"","_monsterinsights_sitenote_category":0},"categories":[6,30260,30259],"tags":[],"aioseo_notices":[],"_links":{"self":[{"href":"https:\/\/mspontocom.com.br\/site\/wp-json\/wp\/v2\/posts\/162858"}],"collection":[{"href":"https:\/\/mspontocom.com.br\/site\/wp-json\/wp\/v2\/posts"}],"about":[{"href":"https:\/\/mspontocom.com.br\/site\/wp-json\/wp\/v2\/types\/post"}],"author":[{"embeddable":true,"href":"https:\/\/mspontocom.com.br\/site\/wp-json\/wp\/v2\/users\/2"}],"replies":[{"embeddable":true,"href":"https:\/\/mspontocom.com.br\/site\/wp-json\/wp\/v2\/comments?post=162858"}],"version-history":[{"count":2,"href":"https:\/\/mspontocom.com.br\/site\/wp-json\/wp\/v2\/posts\/162858\/revisions"}],"predecessor-version":[{"id":162861,"href":"https:\/\/mspontocom.com.br\/site\/wp-json\/wp\/v2\/posts\/162858\/revisions\/162861"}],"wp:featuredmedia":[{"embeddable":true,"href":"https:\/\/mspontocom.com.br\/site\/wp-json\/wp\/v2\/media\/162860"}],"wp:attachment":[{"href":"https:\/\/mspontocom.com.br\/site\/wp-json\/wp\/v2\/media?parent=162858"}],"wp:term":[{"taxonomy":"category","embeddable":true,"href":"https:\/\/mspontocom.com.br\/site\/wp-json\/wp\/v2\/categories?post=162858"},{"taxonomy":"post_tag","embeddable":true,"href":"https:\/\/mspontocom.com.br\/site\/wp-json\/wp\/v2\/tags?post=162858"}],"curies":[{"name":"wp","href":"https:\/\/api.w.org\/{rel}","templated":true}]}}