{"id":162869,"date":"2021-08-23T05:47:03","date_gmt":"2021-08-23T09:47:03","guid":{"rendered":"https:\/\/mspontocom.com.br\/site\/?p=162869"},"modified":"2021-08-23T05:47:03","modified_gmt":"2021-08-23T09:47:03","slug":"clube-militar-convoca-socios-e-amigos-para-manifestacao-de-7-de-setembro","status":"publish","type":"post","link":"https:\/\/mspontocom.com.br\/site\/clube-militar-convoca-socios-e-amigos-para-manifestacao-de-7-de-setembro\/","title":{"rendered":"Clube Militar convoca \u201cs\u00f3cios e amigos\u201d para manifesta\u00e7\u00e3o de 7 de setembro"},"content":{"rendered":"<p style=\"text-align: justify;\"><img loading=\"lazy\" class=\"alignnone size-full wp-image-162878\" src=\"https:\/\/mspontocom.com.br\/site\/wp-content\/uploads\/2021\/08\/site-clube-militar-chama-socios-e-amigos-para-manifestacao-de-7-de-setembro-sete-e1629711952892.jpg\" alt=\"\" width=\"945\" height=\"787\" srcset=\"https:\/\/mspontocom.com.br\/site\/wp-content\/uploads\/2021\/08\/site-clube-militar-chama-socios-e-amigos-para-manifestacao-de-7-de-setembro-sete-e1629711952892.jpg 945w, https:\/\/mspontocom.com.br\/site\/wp-content\/uploads\/2021\/08\/site-clube-militar-chama-socios-e-amigos-para-manifestacao-de-7-de-setembro-sete-e1629711952892-260x217.jpg 260w, https:\/\/mspontocom.com.br\/site\/wp-content\/uploads\/2021\/08\/site-clube-militar-chama-socios-e-amigos-para-manifestacao-de-7-de-setembro-sete-e1629711952892-768x640.jpg 768w\" sizes=\"(max-width: 945px) 100vw, 945px\" \/>O Clube Militar do Rio de Janeiro est\u00e1 convocando &#8220;s\u00f3cios e amigos&#8221; para a manifesta\u00e7\u00e3o pol\u00edtica em favor de Jair Bolsonaro e contra o STF\u00a0\u00a0organizada por apoiadores do presidente da Rep\u00fablica para o pr\u00f3ximo dia 7.<\/p>\n<p style=\"text-align: justify;\">O convite foi publicado na p\u00e1gina do Clube Militar na internet e em suas redes sociais.<\/p>\n<p style=\"text-align: justify;\"><strong>&#8220;O Clube Militar, no momento em que conclama s\u00f3cios e amigos a prestigiaram esse movimento, declara, mais uma vez, seu apoio tradicional \u00e0s grandes causas nacionais e democr\u00e1ticas! Estejamos juntos no feriado de 7 de setembro, dia da Independ\u00eancia, \u00e0s 10h, na praia de Copacabana, altura do posto 5 (Av. Atl\u00e2ntica, em frente ao n\u00ba 3370, pr\u00f3ximo \u00e0 esquina da Rua Miguel Lemos).&#8221;<\/strong><\/p>\n<p style=\"text-align: justify;\">Segundo a p\u00e1gina, o evento \u00e9 organizado pela Uni\u00e3o dos Movimentos Conservadores RJ.<\/p>\n<p style=\"text-align: justify;\">&#8220;Pela liberdade, pela democracia, ou ficar a p\u00e1tria livre ou morrer pelo Brasil&#8230; independ\u00eancia ou morte&#8221;, diz o texto publicado sobre a imagem do convite.<\/p>\n<p style=\"text-align: justify;\">Jair Bolsonaro j\u00e1 disse que vai participar do ato. Ele pretende acompanhar as manifesta\u00e7\u00f5es em Bras\u00edlia, pela manh\u00e3, e em S\u00e3o Paulo, \u00e0 tarde.<\/p>\n","protected":false},"excerpt":{"rendered":"<p>O Clube Militar do Rio de Janeiro est\u00e1 convocando &#8220;s\u00f3cios e amigos&#8221; para a manifesta\u00e7\u00e3o pol\u00edtica em favor de Jair Bolsonaro e contra o STF\u00a0\u00a0organizada por apoiadores do presidente da Rep\u00fablica para o pr\u00f3ximo dia 7. O convite foi publicado na p\u00e1gina do Clube Militar na internet e em suas redes sociais. &#8220;O Clube Militar, [&hellip;]<\/p>\n","protected":false},"author":2,"featured_media":162878,"comment_status":"open","ping_status":"open","sticky":false,"template":"","format":"standard","meta":{"_monsterinsights_skip_tracking":false,"_monsterinsights_sitenote_active":false,"_monsterinsights_sitenote_note":"","_monsterinsights_sitenote_category":0},"categories":[6,30260,30259],"tags":[],"aioseo_notices":[],"_links":{"self":[{"href":"https:\/\/mspontocom.com.br\/site\/wp-json\/wp\/v2\/posts\/162869"}],"collection":[{"href":"https:\/\/mspontocom.com.br\/site\/wp-json\/wp\/v2\/posts"}],"about":[{"href":"https:\/\/mspontocom.com.br\/site\/wp-json\/wp\/v2\/types\/post"}],"author":[{"embeddable":true,"href":"https:\/\/mspontocom.com.br\/site\/wp-json\/wp\/v2\/users\/2"}],"replies":[{"embeddable":true,"href":"https:\/\/mspontocom.com.br\/site\/wp-json\/wp\/v2\/comments?post=162869"}],"version-history":[{"count":2,"href":"https:\/\/mspontocom.com.br\/site\/wp-json\/wp\/v2\/posts\/162869\/revisions"}],"predecessor-version":[{"id":162879,"href":"https:\/\/mspontocom.com.br\/site\/wp-json\/wp\/v2\/posts\/162869\/revisions\/162879"}],"wp:featuredmedia":[{"embeddable":true,"href":"https:\/\/mspontocom.com.br\/site\/wp-json\/wp\/v2\/media\/162878"}],"wp:attachment":[{"href":"https:\/\/mspontocom.com.br\/site\/wp-json\/wp\/v2\/media?parent=162869"}],"wp:term":[{"taxonomy":"category","embeddable":true,"href":"https:\/\/mspontocom.com.br\/site\/wp-json\/wp\/v2\/categories?post=162869"},{"taxonomy":"post_tag","embeddable":true,"href":"https:\/\/mspontocom.com.br\/site\/wp-json\/wp\/v2\/tags?post=162869"}],"curies":[{"name":"wp","href":"https:\/\/api.w.org\/{rel}","templated":true}]}}