{"id":162924,"date":"2021-08-24T06:34:11","date_gmt":"2021-08-24T10:34:11","guid":{"rendered":"https:\/\/mspontocom.com.br\/site\/?p=162924"},"modified":"2021-08-24T06:34:11","modified_gmt":"2021-08-24T10:34:11","slug":"pms-impulsionam-atos-para-o-7-de-setembro-em-pelo-menos-6-estados","status":"publish","type":"post","link":"https:\/\/mspontocom.com.br\/site\/pms-impulsionam-atos-para-o-7-de-setembro-em-pelo-menos-6-estados\/","title":{"rendered":"PMs impulsionam atos para o 7 de Setembro em pelo menos 6 Estados"},"content":{"rendered":"<p style=\"text-align: justify;\"><img loading=\"lazy\" class=\"alignnone size-full wp-image-162925\" src=\"https:\/\/mspontocom.com.br\/site\/wp-content\/uploads\/2021\/08\/site-pms-impulsionam-atos-para-o-7-de-setembro-em-pelo-menos-6-estados-sete1-e1629801199548.jpg\" alt=\"\" width=\"915\" height=\"673\" srcset=\"https:\/\/mspontocom.com.br\/site\/wp-content\/uploads\/2021\/08\/site-pms-impulsionam-atos-para-o-7-de-setembro-em-pelo-menos-6-estados-sete1-e1629801199548.jpg 915w, https:\/\/mspontocom.com.br\/site\/wp-content\/uploads\/2021\/08\/site-pms-impulsionam-atos-para-o-7-de-setembro-em-pelo-menos-6-estados-sete1-e1629801199548-260x191.jpg 260w, https:\/\/mspontocom.com.br\/site\/wp-content\/uploads\/2021\/08\/site-pms-impulsionam-atos-para-o-7-de-setembro-em-pelo-menos-6-estados-sete1-e1629801199548-768x565.jpg 768w\" sizes=\"(max-width: 915px) 100vw, 915px\" \/>Nas redes sociais proliferam as manifesta\u00e7\u00f5es de policiais militares da ativa e da reserva, com chamamentos para que participem em massa da mobiliza\u00e7\u00e3o de 7 de Setembro.<\/p>\n<p style=\"text-align: justify;\">A convoca\u00e7\u00e3o parte de policiais de patentes variadas, em diferentes Estados, conforme levantamento do\u00a0<strong>Estad\u00e3o<\/strong>.<\/p>\n<p style=\"text-align: justify;\">Na internet, a mobiliza\u00e7\u00e3o dos oficiais e pra\u00e7as ainda \u00e9 refor\u00e7ada por deputados-PMs, que t\u00eam em integrantes das for\u00e7as estaduais suas bases de apoio.<\/p>\n<p style=\"text-align: justify;\">H\u00e1 pessoal da ativa e da reserva incentivando manifesta\u00e7\u00f5es em S\u00e3o Paulo, Rio, Santa Catarina, Esp\u00edrito Santo, Cear\u00e1 e Para\u00edba.<\/p>\n<p style=\"text-align: justify;\">A preocupa\u00e7\u00e3o com os atos foi compartilhada na reuni\u00e3o que teve a participa\u00e7\u00e3o de 25 governadores.<\/p>\n<p style=\"text-align: justify;\">O medo de ruptura ligada \u00e0s PMS faz parte do cen\u00e1rio tra\u00e7ado por oficiais-generais e ex-ministros da Defesa como Raul Jungmann<\/p>\n<p style=\"text-align: justify;\">A ades\u00e3o de militares a atos pr\u00f3-Bolsonaro no Dia da Independ\u00eancia ligou o alerta de governadores.<\/p>\n<p style=\"text-align: justify;\">Na c\u00fapula das PMs, o incentivo \u00e0 manifesta\u00e7\u00e3o em favor do presidente por parte de militares da ativa \u00e9 visto como pontual.<\/p>\n<p style=\"text-align: justify;\">\u201cDentro de um cen\u00e1rio nacional, h\u00e1 uma sinaliza\u00e7\u00e3o para a generaliza\u00e7\u00e3o desses posicionamentos\u201d, disse ao Estad\u00e3o o coronel Euller Chaves, presidente do Conselho Nacional de Comandantes-Gerais das PMs.<\/p>\n","protected":false},"excerpt":{"rendered":"<p>Nas redes sociais proliferam as manifesta\u00e7\u00f5es de policiais militares da ativa e da reserva, com chamamentos para que participem em massa da mobiliza\u00e7\u00e3o de 7 de Setembro. A convoca\u00e7\u00e3o parte de policiais de patentes variadas, em diferentes Estados, conforme levantamento do\u00a0Estad\u00e3o. Na internet, a mobiliza\u00e7\u00e3o dos oficiais e pra\u00e7as ainda \u00e9 refor\u00e7ada por deputados-PMs, que [&hellip;]<\/p>\n","protected":false},"author":2,"featured_media":162925,"comment_status":"open","ping_status":"open","sticky":false,"template":"","format":"standard","meta":{"_monsterinsights_skip_tracking":false,"_monsterinsights_sitenote_active":false,"_monsterinsights_sitenote_note":"","_monsterinsights_sitenote_category":0},"categories":[6,30260,30259],"tags":[],"aioseo_notices":[],"_links":{"self":[{"href":"https:\/\/mspontocom.com.br\/site\/wp-json\/wp\/v2\/posts\/162924"}],"collection":[{"href":"https:\/\/mspontocom.com.br\/site\/wp-json\/wp\/v2\/posts"}],"about":[{"href":"https:\/\/mspontocom.com.br\/site\/wp-json\/wp\/v2\/types\/post"}],"author":[{"embeddable":true,"href":"https:\/\/mspontocom.com.br\/site\/wp-json\/wp\/v2\/users\/2"}],"replies":[{"embeddable":true,"href":"https:\/\/mspontocom.com.br\/site\/wp-json\/wp\/v2\/comments?post=162924"}],"version-history":[{"count":1,"href":"https:\/\/mspontocom.com.br\/site\/wp-json\/wp\/v2\/posts\/162924\/revisions"}],"predecessor-version":[{"id":162926,"href":"https:\/\/mspontocom.com.br\/site\/wp-json\/wp\/v2\/posts\/162924\/revisions\/162926"}],"wp:featuredmedia":[{"embeddable":true,"href":"https:\/\/mspontocom.com.br\/site\/wp-json\/wp\/v2\/media\/162925"}],"wp:attachment":[{"href":"https:\/\/mspontocom.com.br\/site\/wp-json\/wp\/v2\/media?parent=162924"}],"wp:term":[{"taxonomy":"category","embeddable":true,"href":"https:\/\/mspontocom.com.br\/site\/wp-json\/wp\/v2\/categories?post=162924"},{"taxonomy":"post_tag","embeddable":true,"href":"https:\/\/mspontocom.com.br\/site\/wp-json\/wp\/v2\/tags?post=162924"}],"curies":[{"name":"wp","href":"https:\/\/api.w.org\/{rel}","templated":true}]}}