{"id":162927,"date":"2021-08-24T06:50:54","date_gmt":"2021-08-24T10:50:54","guid":{"rendered":"https:\/\/mspontocom.com.br\/site\/?p=162927"},"modified":"2021-08-24T06:50:54","modified_gmt":"2021-08-24T10:50:54","slug":"empresarios-oferecem-custear-a-quem-for-a-ato-pro-bolsonaro","status":"publish","type":"post","link":"https:\/\/mspontocom.com.br\/site\/empresarios-oferecem-custear-a-quem-for-a-ato-pro-bolsonaro\/","title":{"rendered":"Empres\u00e1rios oferecem custear a quem for a ato pr\u00f3 Bolsonaro"},"content":{"rendered":"<p style=\"text-align: justify;\"><img loading=\"lazy\" class=\"alignnone size-full wp-image-162928\" src=\"https:\/\/mspontocom.com.br\/site\/wp-content\/uploads\/2021\/08\/site-empresarios-oferecem-custear-a-quem-for-a-ato-pro-bolsonaro-gazin.jpg\" alt=\"\" width=\"207\" height=\"244\" \/><\/p>\n<p style=\"text-align: justify;\">O fundador da rede de lojas de varejo M\u00e1rio Gazin, apareceu neste final de semana oferecendo custear a viagem de quem aceitar protestar em favor do presidente Jair Bolsonaro, no dia sete de setembro.<\/p>\n<p style=\"text-align: justify;\">A manifesta\u00e7\u00e3o, que ocorrer\u00e1 na capital federal<\/p>\n<p style=\"text-align: justify;\">Em um v\u00eddeo que circula em grupos de apoio bolsonaristas \u00e0 manifesta\u00e7\u00e3o, M\u00e1rio Gazin indica que pagar\u00e1 o \u00f4nibus de quem se dispor a fazer a viagem.<\/p>\n<p style=\"text-align: justify;\">A frota, que seria de tr\u00eas \u00f4nibus, sairia em frente \u00e0 sede da empresa, em uma cidade no interior do Paran\u00e1, segundo o empres\u00e1rio.<\/p>\n<p style=\"text-align: justify;\">Em outro v\u00eddeo, M\u00e1rio Gazin aparece ao lado de\u00a0Valdemir Zago, da Zaeli alimentos, e de outros empres\u00e1rios da regi\u00e3o, para convocar manifestantes a irem para os atos .<\/p>\n<p style=\"text-align: justify;\"><strong> &#8220;Todos precisam se empenhar, porque se n\u00e3o fizermos agora&#8230;&#8221;, diz Zago, &#8220;&#8230;vai sofrer depois&#8221;,<\/strong> complementa Gazin.<\/p>\n<p style=\"text-align: justify;\">A mobiliza\u00e7\u00e3o entre bolsonaristas cresceu nestes \u00faltimos dias, com o apelo de policiais militares e de outros empres\u00e1rios contra \u00f3rg\u00e3os federais de c\u00fapula dos poderes Legislativo e Judici\u00e1rio.<\/p>\n","protected":false},"excerpt":{"rendered":"<p>O fundador da rede de lojas de varejo M\u00e1rio Gazin, apareceu neste final de semana oferecendo custear a viagem de quem aceitar protestar em favor do presidente Jair Bolsonaro, no dia sete de setembro. A manifesta\u00e7\u00e3o, que ocorrer\u00e1 na capital federal Em um v\u00eddeo que circula em grupos de apoio bolsonaristas \u00e0 manifesta\u00e7\u00e3o, M\u00e1rio Gazin [&hellip;]<\/p>\n","protected":false},"author":2,"featured_media":162928,"comment_status":"open","ping_status":"open","sticky":false,"template":"","format":"standard","meta":{"_monsterinsights_skip_tracking":false,"_monsterinsights_sitenote_active":false,"_monsterinsights_sitenote_note":"","_monsterinsights_sitenote_category":0},"categories":[6],"tags":[],"aioseo_notices":[],"_links":{"self":[{"href":"https:\/\/mspontocom.com.br\/site\/wp-json\/wp\/v2\/posts\/162927"}],"collection":[{"href":"https:\/\/mspontocom.com.br\/site\/wp-json\/wp\/v2\/posts"}],"about":[{"href":"https:\/\/mspontocom.com.br\/site\/wp-json\/wp\/v2\/types\/post"}],"author":[{"embeddable":true,"href":"https:\/\/mspontocom.com.br\/site\/wp-json\/wp\/v2\/users\/2"}],"replies":[{"embeddable":true,"href":"https:\/\/mspontocom.com.br\/site\/wp-json\/wp\/v2\/comments?post=162927"}],"version-history":[{"count":1,"href":"https:\/\/mspontocom.com.br\/site\/wp-json\/wp\/v2\/posts\/162927\/revisions"}],"predecessor-version":[{"id":162929,"href":"https:\/\/mspontocom.com.br\/site\/wp-json\/wp\/v2\/posts\/162927\/revisions\/162929"}],"wp:featuredmedia":[{"embeddable":true,"href":"https:\/\/mspontocom.com.br\/site\/wp-json\/wp\/v2\/media\/162928"}],"wp:attachment":[{"href":"https:\/\/mspontocom.com.br\/site\/wp-json\/wp\/v2\/media?parent=162927"}],"wp:term":[{"taxonomy":"category","embeddable":true,"href":"https:\/\/mspontocom.com.br\/site\/wp-json\/wp\/v2\/categories?post=162927"},{"taxonomy":"post_tag","embeddable":true,"href":"https:\/\/mspontocom.com.br\/site\/wp-json\/wp\/v2\/tags?post=162927"}],"curies":[{"name":"wp","href":"https:\/\/api.w.org\/{rel}","templated":true}]}}