{"id":162962,"date":"2021-08-25T04:21:45","date_gmt":"2021-08-25T08:21:45","guid":{"rendered":"https:\/\/mspontocom.com.br\/site\/?p=162962"},"modified":"2021-08-25T06:01:10","modified_gmt":"2021-08-25T10:01:10","slug":"liberdade-nao-se-ganha-se-toma-dia-7-9-eu-vou-diz-ex-comandante-da-pm","status":"publish","type":"post","link":"https:\/\/mspontocom.com.br\/site\/liberdade-nao-se-ganha-se-toma-dia-7-9-eu-vou-diz-ex-comandante-da-pm\/","title":{"rendered":"\u201cLiberdade n\u00e3o se ganha, se toma. Dia 7\/9 eu vou\u201d, diz ex-comandante da PM"},"content":{"rendered":"<p style=\"text-align: justify;\"><img loading=\"lazy\" class=\"alignnone size-full wp-image-162968\" src=\"https:\/\/mspontocom.com.br\/site\/wp-content\/uploads\/2021\/08\/site-liberdade-nao-se-ganha-se-toma-dia-79-eu-vou-diz-ex-comandante-da-pm-comandante-pm-bolsonaro-e1629885569508.jpg\" alt=\"\" width=\"1068\" height=\"672\" srcset=\"https:\/\/mspontocom.com.br\/site\/wp-content\/uploads\/2021\/08\/site-liberdade-nao-se-ganha-se-toma-dia-79-eu-vou-diz-ex-comandante-da-pm-comandante-pm-bolsonaro-e1629885569508.jpg 1068w, https:\/\/mspontocom.com.br\/site\/wp-content\/uploads\/2021\/08\/site-liberdade-nao-se-ganha-se-toma-dia-79-eu-vou-diz-ex-comandante-da-pm-comandante-pm-bolsonaro-e1629885569508-260x164.jpg 260w, https:\/\/mspontocom.com.br\/site\/wp-content\/uploads\/2021\/08\/site-liberdade-nao-se-ganha-se-toma-dia-79-eu-vou-diz-ex-comandante-da-pm-comandante-pm-bolsonaro-e1629885569508-768x483.jpg 768w, https:\/\/mspontocom.com.br\/site\/wp-content\/uploads\/2021\/08\/site-liberdade-nao-se-ganha-se-toma-dia-79-eu-vou-diz-ex-comandante-da-pm-comandante-pm-bolsonaro-e1629885569508-1024x644.jpg 1024w\" sizes=\"(max-width: 1068px) 100vw, 1068px\" \/>O Minist\u00e9rio P\u00fablico de S\u00e3o Paulo abriu um inqu\u00e9rito para analisar\u00a0se o\u00a0chefe do Comando de Policiamento do Interior-7 da PM de S\u00e3o Paulo, coronel Aleksander Lacerda cometeu improbidade administrativa ao convocar a popula\u00e7\u00e3o para manifesta\u00e7\u00e3o do dia 7 de Setembro\u00a0em apoio ao presidente Jair Bolsonaro.<\/p>\n<p style=\"text-align: justify;\">Em portaria assinada nesta ter\u00e7a-feira, 24, o promotor Jos\u00e9 Carlos Guillem Blat afirma que a conduta pode\u00a0configurar, al\u00e9m de transgress\u00e3o disciplinar, ofensa aos princ\u00edpios da administra\u00e7\u00e3o p\u00fablica.<\/p>\n<p style=\"text-align: justify;\">Em seu perfil no Facebook,\u00a0Lacerda escreveu: <strong>\u201cLiberdade n\u00e3o se ganha, se toma. Dia 7\/9 eu vou\u201d<\/strong>.<\/p>\n<p style=\"text-align: justify;\">Ainda sobre a manifesta\u00e7\u00e3o,\u00a0compartilhou a mensagem: \u201ccaldo vai esquentar\u201d.<\/p>\n<p style=\"text-align: justify;\">Ao todo, foram ao menos 397 publica\u00e7\u00f5es de car\u00e1ter pol\u00edtico e partid\u00e1rio entre os dia 1.\u00ba e 22 de agosto.<\/p>\n<p style=\"text-align: justify;\">\u00a0Ele foi afastado do cargo pelo governo paulista.<\/p>\n<p style=\"text-align: justify;\">\n","protected":false},"excerpt":{"rendered":"<p>O Minist\u00e9rio P\u00fablico de S\u00e3o Paulo abriu um inqu\u00e9rito para analisar\u00a0se o\u00a0chefe do Comando de Policiamento do Interior-7 da PM de S\u00e3o Paulo, coronel Aleksander Lacerda cometeu improbidade administrativa ao convocar a popula\u00e7\u00e3o para manifesta\u00e7\u00e3o do dia 7 de Setembro\u00a0em apoio ao presidente Jair Bolsonaro. Em portaria assinada nesta ter\u00e7a-feira, 24, o promotor Jos\u00e9 Carlos [&hellip;]<\/p>\n","protected":false},"author":2,"featured_media":162968,"comment_status":"open","ping_status":"open","sticky":false,"template":"","format":"standard","meta":{"_monsterinsights_skip_tracking":false,"_monsterinsights_sitenote_active":false,"_monsterinsights_sitenote_note":"","_monsterinsights_sitenote_category":0},"categories":[6,30260,30259],"tags":[],"aioseo_notices":[],"_links":{"self":[{"href":"https:\/\/mspontocom.com.br\/site\/wp-json\/wp\/v2\/posts\/162962"}],"collection":[{"href":"https:\/\/mspontocom.com.br\/site\/wp-json\/wp\/v2\/posts"}],"about":[{"href":"https:\/\/mspontocom.com.br\/site\/wp-json\/wp\/v2\/types\/post"}],"author":[{"embeddable":true,"href":"https:\/\/mspontocom.com.br\/site\/wp-json\/wp\/v2\/users\/2"}],"replies":[{"embeddable":true,"href":"https:\/\/mspontocom.com.br\/site\/wp-json\/wp\/v2\/comments?post=162962"}],"version-history":[{"count":2,"href":"https:\/\/mspontocom.com.br\/site\/wp-json\/wp\/v2\/posts\/162962\/revisions"}],"predecessor-version":[{"id":162969,"href":"https:\/\/mspontocom.com.br\/site\/wp-json\/wp\/v2\/posts\/162962\/revisions\/162969"}],"wp:featuredmedia":[{"embeddable":true,"href":"https:\/\/mspontocom.com.br\/site\/wp-json\/wp\/v2\/media\/162968"}],"wp:attachment":[{"href":"https:\/\/mspontocom.com.br\/site\/wp-json\/wp\/v2\/media?parent=162962"}],"wp:term":[{"taxonomy":"category","embeddable":true,"href":"https:\/\/mspontocom.com.br\/site\/wp-json\/wp\/v2\/categories?post=162962"},{"taxonomy":"post_tag","embeddable":true,"href":"https:\/\/mspontocom.com.br\/site\/wp-json\/wp\/v2\/tags?post=162962"}],"curies":[{"name":"wp","href":"https:\/\/api.w.org\/{rel}","templated":true}]}}