{"id":162964,"date":"2021-08-25T05:51:23","date_gmt":"2021-08-25T09:51:23","guid":{"rendered":"https:\/\/mspontocom.com.br\/site\/?p=162964"},"modified":"2021-08-25T05:51:23","modified_gmt":"2021-08-25T09:51:23","slug":"ricardo-barros-expoe-jornalistas-da-globo-e-alega-que-dados-de-cpi-foram-vazados","status":"publish","type":"post","link":"https:\/\/mspontocom.com.br\/site\/ricardo-barros-expoe-jornalistas-da-globo-e-alega-que-dados-de-cpi-foram-vazados\/","title":{"rendered":"Ricardo Barros exp\u00f5e jornalistas da Globo e alega que dados de CPI foram vazados"},"content":{"rendered":"<p style=\"text-align: justify;\"><img loading=\"lazy\" class=\"alignnone size-full wp-image-162966\" src=\"https:\/\/mspontocom.com.br\/site\/wp-content\/uploads\/2021\/08\/site-ricardo-barros-expoe-jornalistas-da-globo-e-alega-que-dados-de-cpi-foram-vazados-barros-e1629884994681.jpeg\" alt=\"\" width=\"755\" height=\"397\" srcset=\"https:\/\/mspontocom.com.br\/site\/wp-content\/uploads\/2021\/08\/site-ricardo-barros-expoe-jornalistas-da-globo-e-alega-que-dados-de-cpi-foram-vazados-barros-e1629884994681.jpeg 755w, https:\/\/mspontocom.com.br\/site\/wp-content\/uploads\/2021\/08\/site-ricardo-barros-expoe-jornalistas-da-globo-e-alega-que-dados-de-cpi-foram-vazados-barros-e1629884994681-260x137.jpeg 260w\" sizes=\"(max-width: 755px) 100vw, 755px\" \/>O l\u00edder do governo na C\u00e2mara dos Deputados, Ricardo Barros (PP-PR), chegou a expor, em autos encaminhadas \u00e0 CPI da Covid e mesmo ao STF, conversas de tr\u00eas jornalistas que o questionaram sobre seu envolvimento em suposto esc\u00e2ndalo de compras de vacinas superfaturadas.<\/p>\n<p style=\"text-align: justify;\">O deputado insinua que os rep\u00f3rteres seriam a ponta de um vazamento de informa\u00e7\u00f5es colhidas pela CPI.<\/p>\n<p style=\"text-align: justify;\">Os tr\u00eas profissionais de jornalismo pertencem ao grupo Globo &#8211; dois deles s\u00e3o ligados \u00e0 TV Globo e o terceiro ao jornal\u00a0<em>O Globo<\/em>.<\/p>\n<p style=\"text-align: justify;\">Em prints de tela retirados de mensagens enviadas pelo aplicativo Whatsapp \u00e9 poss\u00edvel encontrar o n\u00famero de ao menos um deles.<\/p>\n<p style=\"text-align: justify;\">Os prints est\u00e3o dispon\u00edveis em um arquivo enviado pelo STF \u00e0 CPI da Covid e disponibilizado pelo Senado.<\/p>\n<p style=\"text-align: justify;\">Al\u00e9m das conversas, h\u00e1 outros dados sens\u00edveis, como uma c\u00f3pia de uma conta de internet do apartamento funcional ocupado pelo deputado, e mesmo um RG recente seu que foi digitalizado.<\/p>\n<p style=\"text-align: justify;\">No documento, a ministra C\u00e1rmen L\u00facia d\u00e1 24 horas para que a comiss\u00e3o se manifeste sobre as alega\u00e7\u00f5es do deputado.<\/p>\n<p style=\"text-align: justify;\">A defesa do deputado argumentou que um ataque \u00e0 sua imagem teria come\u00e7ado no final de junho, durante depoimento de Luis Miranda (DEM-DF) \u00e0 CPI.<\/p>\n<p style=\"text-align: justify;\">As provas seriam n\u00e3o apenas as conversas com os jornalistas do\u00a0<em>O Globo<\/em>, mas tamb\u00e9m mat\u00e9rias veiculadas no portal\u00a0<em>Metr\u00f3poles<\/em>\u00a0e pela\u00a0<em>Globonews<\/em>\u00a0&#8211; tamb\u00e9m ligada \u00e0\u00a0<em>Rede Globo<\/em>.<\/p>\n","protected":false},"excerpt":{"rendered":"<p>O l\u00edder do governo na C\u00e2mara dos Deputados, Ricardo Barros (PP-PR), chegou a expor, em autos encaminhadas \u00e0 CPI da Covid e mesmo ao STF, conversas de tr\u00eas jornalistas que o questionaram sobre seu envolvimento em suposto esc\u00e2ndalo de compras de vacinas superfaturadas. O deputado insinua que os rep\u00f3rteres seriam a ponta de um vazamento [&hellip;]<\/p>\n","protected":false},"author":2,"featured_media":162966,"comment_status":"open","ping_status":"open","sticky":false,"template":"","format":"standard","meta":{"_monsterinsights_skip_tracking":false,"_monsterinsights_sitenote_active":false,"_monsterinsights_sitenote_note":"","_monsterinsights_sitenote_category":0},"categories":[6,30260,30259],"tags":[],"aioseo_notices":[],"_links":{"self":[{"href":"https:\/\/mspontocom.com.br\/site\/wp-json\/wp\/v2\/posts\/162964"}],"collection":[{"href":"https:\/\/mspontocom.com.br\/site\/wp-json\/wp\/v2\/posts"}],"about":[{"href":"https:\/\/mspontocom.com.br\/site\/wp-json\/wp\/v2\/types\/post"}],"author":[{"embeddable":true,"href":"https:\/\/mspontocom.com.br\/site\/wp-json\/wp\/v2\/users\/2"}],"replies":[{"embeddable":true,"href":"https:\/\/mspontocom.com.br\/site\/wp-json\/wp\/v2\/comments?post=162964"}],"version-history":[{"count":2,"href":"https:\/\/mspontocom.com.br\/site\/wp-json\/wp\/v2\/posts\/162964\/revisions"}],"predecessor-version":[{"id":162967,"href":"https:\/\/mspontocom.com.br\/site\/wp-json\/wp\/v2\/posts\/162964\/revisions\/162967"}],"wp:featuredmedia":[{"embeddable":true,"href":"https:\/\/mspontocom.com.br\/site\/wp-json\/wp\/v2\/media\/162966"}],"wp:attachment":[{"href":"https:\/\/mspontocom.com.br\/site\/wp-json\/wp\/v2\/media?parent=162964"}],"wp:term":[{"taxonomy":"category","embeddable":true,"href":"https:\/\/mspontocom.com.br\/site\/wp-json\/wp\/v2\/categories?post=162964"},{"taxonomy":"post_tag","embeddable":true,"href":"https:\/\/mspontocom.com.br\/site\/wp-json\/wp\/v2\/tags?post=162964"}],"curies":[{"name":"wp","href":"https:\/\/api.w.org\/{rel}","templated":true}]}}