{"id":162976,"date":"2021-08-25T07:18:30","date_gmt":"2021-08-25T11:18:30","guid":{"rendered":"https:\/\/mspontocom.com.br\/site\/?p=162976"},"modified":"2021-08-25T07:18:30","modified_gmt":"2021-08-25T11:18:30","slug":"cara-de-pau-senadores-da-cpi-vao-ao-stf-prestar-solidariedade-a-alexandre","status":"publish","type":"post","link":"https:\/\/mspontocom.com.br\/site\/cara-de-pau-senadores-da-cpi-vao-ao-stf-prestar-solidariedade-a-alexandre\/","title":{"rendered":"Cara de pau: Senadores da CPI v\u00e3o ao STF prestar solidariedade a Alexandre"},"content":{"rendered":"<p style=\"text-align: justify;\"><img loading=\"lazy\" class=\"alignnone size-full wp-image-162982\" src=\"https:\/\/mspontocom.com.br\/site\/wp-content\/uploads\/2021\/08\/site-carasenadores-da-cpi-vao-ao-stf-prestar-solidariedade-a-alexandre-aziz-renan-randolfe-covid-19.jpg\" alt=\"\" width=\"800\" height=\"450\" srcset=\"https:\/\/mspontocom.com.br\/site\/wp-content\/uploads\/2021\/08\/site-carasenadores-da-cpi-vao-ao-stf-prestar-solidariedade-a-alexandre-aziz-renan-randolfe-covid-19.jpg 800w, https:\/\/mspontocom.com.br\/site\/wp-content\/uploads\/2021\/08\/site-carasenadores-da-cpi-vao-ao-stf-prestar-solidariedade-a-alexandre-aziz-renan-randolfe-covid-19-260x146.jpg 260w, https:\/\/mspontocom.com.br\/site\/wp-content\/uploads\/2021\/08\/site-carasenadores-da-cpi-vao-ao-stf-prestar-solidariedade-a-alexandre-aziz-renan-randolfe-covid-19-768x432.jpg 768w\" sizes=\"(max-width: 800px) 100vw, 800px\" \/>Os senadores que integram a Comiss\u00e3o Parlamentar de Inqu\u00e9rito (CPI) da Covid, <span style=\"color: #ff0000;\"><strong>muitos deles envolvidos em investiga\u00e7\u00f5es e sob os olhares do pr\u00f3prio STF,<\/strong><\/span>\u00a0 se reuniram com o ministro Alexandre de Moraes para manifestar apoio ao magistrado \u2013 alvo de pedido de impeachment apresentado pelo presidente Jair Bolsonaro.<\/p>\n<p style=\"text-align: justify;\">Na sa\u00edda da Corte, o vice-presidente da CPI, Randolfe Rodrigues (Rede-AP) deu sua declara\u00e7\u00e3o:<\/p>\n<p style=\"text-align: justify;\">\u201cT\u00e3o ou mais importante do que ser membro da CPI da Pandemia, os senadores que integram este grupo comparecerem como membros do Senado Federal para manifestar uma posi\u00e7\u00e3o da ampla maioria do Senado, de que o dito pedido de impachment que o presidente da Rep\u00fablica prop\u00f4s em rela\u00e7\u00e3o ao ministros Alexandre de Moraes deve imediatamente ser arquivado&#8221; .<\/p>\n<p style=\"text-align: justify;\">O encontro contou ainda com a presen\u00e7a do presidente da CPI, Omar Aziz (PSD-AM), e do relator, Renan Calheiros (MDB-AL). Outros sete senadores compareceram \u00e0 reuni\u00e3o.<\/p>\n","protected":false},"excerpt":{"rendered":"<p>Os senadores que integram a Comiss\u00e3o Parlamentar de Inqu\u00e9rito (CPI) da Covid, muitos deles envolvidos em investiga\u00e7\u00f5es e sob os olhares do pr\u00f3prio STF,\u00a0 se reuniram com o ministro Alexandre de Moraes para manifestar apoio ao magistrado \u2013 alvo de pedido de impeachment apresentado pelo presidente Jair Bolsonaro. Na sa\u00edda da Corte, o vice-presidente da [&hellip;]<\/p>\n","protected":false},"author":2,"featured_media":162982,"comment_status":"open","ping_status":"open","sticky":false,"template":"","format":"standard","meta":{"_monsterinsights_skip_tracking":false,"_monsterinsights_sitenote_active":false,"_monsterinsights_sitenote_note":"","_monsterinsights_sitenote_category":0},"categories":[6],"tags":[],"aioseo_notices":[],"_links":{"self":[{"href":"https:\/\/mspontocom.com.br\/site\/wp-json\/wp\/v2\/posts\/162976"}],"collection":[{"href":"https:\/\/mspontocom.com.br\/site\/wp-json\/wp\/v2\/posts"}],"about":[{"href":"https:\/\/mspontocom.com.br\/site\/wp-json\/wp\/v2\/types\/post"}],"author":[{"embeddable":true,"href":"https:\/\/mspontocom.com.br\/site\/wp-json\/wp\/v2\/users\/2"}],"replies":[{"embeddable":true,"href":"https:\/\/mspontocom.com.br\/site\/wp-json\/wp\/v2\/comments?post=162976"}],"version-history":[{"count":2,"href":"https:\/\/mspontocom.com.br\/site\/wp-json\/wp\/v2\/posts\/162976\/revisions"}],"predecessor-version":[{"id":162983,"href":"https:\/\/mspontocom.com.br\/site\/wp-json\/wp\/v2\/posts\/162976\/revisions\/162983"}],"wp:featuredmedia":[{"embeddable":true,"href":"https:\/\/mspontocom.com.br\/site\/wp-json\/wp\/v2\/media\/162982"}],"wp:attachment":[{"href":"https:\/\/mspontocom.com.br\/site\/wp-json\/wp\/v2\/media?parent=162976"}],"wp:term":[{"taxonomy":"category","embeddable":true,"href":"https:\/\/mspontocom.com.br\/site\/wp-json\/wp\/v2\/categories?post=162976"},{"taxonomy":"post_tag","embeddable":true,"href":"https:\/\/mspontocom.com.br\/site\/wp-json\/wp\/v2\/tags?post=162976"}],"curies":[{"name":"wp","href":"https:\/\/api.w.org\/{rel}","templated":true}]}}