{"id":163037,"date":"2021-08-27T06:00:53","date_gmt":"2021-08-27T10:00:53","guid":{"rendered":"https:\/\/mspontocom.com.br\/site\/?p=163037"},"modified":"2021-08-27T06:00:53","modified_gmt":"2021-08-27T10:00:53","slug":"bolsonaro-faz-apelo-para-a-populacao-economizar-energia-problema-e-serio","status":"publish","type":"post","link":"https:\/\/mspontocom.com.br\/site\/bolsonaro-faz-apelo-para-a-populacao-economizar-energia-problema-e-serio\/","title":{"rendered":"Bolsonaro faz apelo para a popula\u00e7\u00e3o economizar energia: \u2018problema \u00e9 s\u00e9rio\u2019"},"content":{"rendered":"<p style=\"text-align: justify;\"><img loading=\"lazy\" class=\"alignnone size-full wp-image-163038\" src=\"https:\/\/mspontocom.com.br\/site\/wp-content\/uploads\/2021\/08\/site-bolsonaro-faz-apelo-para-a-populacao-economizar-energia-problema-e-serio-luz1-e1630058410569.jpg\" alt=\"\" width=\"636\" height=\"433\" srcset=\"https:\/\/mspontocom.com.br\/site\/wp-content\/uploads\/2021\/08\/site-bolsonaro-faz-apelo-para-a-populacao-economizar-energia-problema-e-serio-luz1-e1630058410569.jpg 636w, https:\/\/mspontocom.com.br\/site\/wp-content\/uploads\/2021\/08\/site-bolsonaro-faz-apelo-para-a-populacao-economizar-energia-problema-e-serio-luz1-e1630058410569-260x177.jpg 260w\" sizes=\"(max-width: 636px) 100vw, 636px\" \/><\/p>\n<p style=\"text-align: justify;\">O presidente Jair Bolsonaro voltou a pedir que a popula\u00e7\u00e3o economize energia el\u00e9trica em meio ao agravamento da situa\u00e7\u00e3o das usinas hidrel\u00e9tricas por causa da seca.<\/p>\n<p style=\"text-align: justify;\">Durante sua\u00a0<em>live<\/em>\u00a0semanal nas redes sociais, na noite desta\u00a0quinta-feira (26), o presidente classificou como \u201cproblema s\u00e9rio\u201d a atual crise energ\u00e9tica.\u00a0<img src=\"https:\/\/agenciabrasil.ebc.com.br\/ebc.png?id=1419748&amp;o=node\" \/><img src=\"https:\/\/agenciabrasil.ebc.com.br\/ebc.gif?id=1419748&amp;o=node\" \/><\/p>\n<p style=\"text-align: justify;\"><span style=\"color: #ff0000;\">\u201cO problema \u00e9 s\u00e9rio. Eu vou tentar fazer um apelo a voc\u00ea que est\u00e1 em casa agora. Eu tenho certeza que voc\u00ea pode apagar um ponto de luz agora. Eu pe\u00e7o esse favor pra voc\u00ea. Assim voc\u00ea estar\u00e1 ajudando a economizar energia e a economizar \u00e1gua das hidrel\u00e9tricas\u201d<\/span>, afirmou.<\/p>\n<p style=\"text-align: justify;\">O volume de chuvas muito abaixo do esperado nos \u00faltimos meses, inclusive na compara\u00e7\u00e3o com o ano passado, deixou os reservat\u00f3rios das hidrel\u00e9tricas da regi\u00e3o centro-sul do pa\u00eds em condi\u00e7\u00f5es cr\u00edticas.<\/p>\n","protected":false},"excerpt":{"rendered":"<p>O presidente Jair Bolsonaro voltou a pedir que a popula\u00e7\u00e3o economize energia el\u00e9trica em meio ao agravamento da situa\u00e7\u00e3o das usinas hidrel\u00e9tricas por causa da seca. Durante sua\u00a0live\u00a0semanal nas redes sociais, na noite desta\u00a0quinta-feira (26), o presidente classificou como \u201cproblema s\u00e9rio\u201d a atual crise energ\u00e9tica.\u00a0 \u201cO problema \u00e9 s\u00e9rio. Eu vou tentar fazer um apelo [&hellip;]<\/p>\n","protected":false},"author":2,"featured_media":163038,"comment_status":"open","ping_status":"open","sticky":false,"template":"","format":"standard","meta":{"_monsterinsights_skip_tracking":false,"_monsterinsights_sitenote_active":false,"_monsterinsights_sitenote_note":"","_monsterinsights_sitenote_category":0},"categories":[6,30260,30259],"tags":[],"aioseo_notices":[],"_links":{"self":[{"href":"https:\/\/mspontocom.com.br\/site\/wp-json\/wp\/v2\/posts\/163037"}],"collection":[{"href":"https:\/\/mspontocom.com.br\/site\/wp-json\/wp\/v2\/posts"}],"about":[{"href":"https:\/\/mspontocom.com.br\/site\/wp-json\/wp\/v2\/types\/post"}],"author":[{"embeddable":true,"href":"https:\/\/mspontocom.com.br\/site\/wp-json\/wp\/v2\/users\/2"}],"replies":[{"embeddable":true,"href":"https:\/\/mspontocom.com.br\/site\/wp-json\/wp\/v2\/comments?post=163037"}],"version-history":[{"count":1,"href":"https:\/\/mspontocom.com.br\/site\/wp-json\/wp\/v2\/posts\/163037\/revisions"}],"predecessor-version":[{"id":163039,"href":"https:\/\/mspontocom.com.br\/site\/wp-json\/wp\/v2\/posts\/163037\/revisions\/163039"}],"wp:featuredmedia":[{"embeddable":true,"href":"https:\/\/mspontocom.com.br\/site\/wp-json\/wp\/v2\/media\/163038"}],"wp:attachment":[{"href":"https:\/\/mspontocom.com.br\/site\/wp-json\/wp\/v2\/media?parent=163037"}],"wp:term":[{"taxonomy":"category","embeddable":true,"href":"https:\/\/mspontocom.com.br\/site\/wp-json\/wp\/v2\/categories?post=163037"},{"taxonomy":"post_tag","embeddable":true,"href":"https:\/\/mspontocom.com.br\/site\/wp-json\/wp\/v2\/tags?post=163037"}],"curies":[{"name":"wp","href":"https:\/\/api.w.org\/{rel}","templated":true}]}}