{"id":163078,"date":"2021-08-28T06:08:59","date_gmt":"2021-08-28T10:08:59","guid":{"rendered":"https:\/\/mspontocom.com.br\/site\/?p=163078"},"modified":"2021-08-28T06:08:59","modified_gmt":"2021-08-28T10:08:59","slug":"alem-de-policiais-7-de-setembro-mobiliza-evangelicos-caminhoneiros-ruralistas","status":"publish","type":"post","link":"https:\/\/mspontocom.com.br\/site\/alem-de-policiais-7-de-setembro-mobiliza-evangelicos-caminhoneiros-ruralistas\/","title":{"rendered":"Al\u00e9m de policiais, 7 de Setembro mobiliza evang\u00e9licos, caminhoneiros, ruralistas"},"content":{"rendered":"<p style=\"text-align: justify;\"><img loading=\"lazy\" class=\"alignnone size-full wp-image-163086\" src=\"https:\/\/mspontocom.com.br\/site\/wp-content\/uploads\/2021\/08\/site-alem-de-policiais-7-de-setembro-mobiliza-evangelicos-caminhoneiros-ruralistas-sete-e1630145232971.jpg\" alt=\"\" width=\"943\" height=\"756\" srcset=\"https:\/\/mspontocom.com.br\/site\/wp-content\/uploads\/2021\/08\/site-alem-de-policiais-7-de-setembro-mobiliza-evangelicos-caminhoneiros-ruralistas-sete-e1630145232971.jpg 943w, https:\/\/mspontocom.com.br\/site\/wp-content\/uploads\/2021\/08\/site-alem-de-policiais-7-de-setembro-mobiliza-evangelicos-caminhoneiros-ruralistas-sete-e1630145232971-260x208.jpg 260w, https:\/\/mspontocom.com.br\/site\/wp-content\/uploads\/2021\/08\/site-alem-de-policiais-7-de-setembro-mobiliza-evangelicos-caminhoneiros-ruralistas-sete-e1630145232971-768x616.jpg 768w\" sizes=\"(max-width: 943px) 100vw, 943px\" \/>Al\u00e9m de policiais militares \u2013 da reserva e da ativa, \u00a0os atos em defesa do presidente Jair Bolsonaro marcados para o 7 de Setembro, dia da Independ\u00eancia, mobilizam grupos de &#8220;apoiadores raiz\u2019: evang\u00e9licos, ruralistas e caminhoneiros.<\/p>\n<p style=\"text-align: justify;\">Ao menos 16 Estados j\u00e1 t\u00eam manifesta\u00e7\u00f5es programadas.<\/p>\n<p style=\"text-align: justify;\">Bolsonaro afirmou que comparecer\u00e1 \u00e0s manifesta\u00e7\u00f5es em Bras\u00edlia e em S\u00e3o Paulo, onde deve ocorrer o ato mais cheio. H\u00e1 diversas caravanas programadas para as duas cidades.<\/p>\n<p style=\"text-align: justify;\">Neste cen\u00e1rio, a pauta ideol\u00f3gica estar\u00e1 presente, representada por movimentos como o\u00a0<strong>Nas Ruas<\/strong>\u00a0e lideran\u00e7as evang\u00e9licas como o pastor Silas Malafaia.<\/p>\n<p style=\"text-align: justify;\">J\u00e1 entre os ruralistas o apoio tem o comando de\u00a0<strong>Antonio Galvan<\/strong>, presidente da Associa\u00e7\u00e3o Brasileira dos Produtores de Soja (Aprosoja).<\/p>\n<p style=\"text-align: justify;\">Al\u00e9m de S\u00e3o Paulo e Bras\u00edlia, os Estados com manifesta\u00e7\u00f5es planejadas s\u00e3o: Rio de Janeiro, Minas Gerais, Esp\u00edrito Santo, Bahia, Piau\u00ed, Para\u00edba, Sergipe, Maranh\u00e3o, Amazonas, Par\u00e1, Roraima, Acre, Mato Grosso do Sul e Rio Grande do Sul.<\/p>\n","protected":false},"excerpt":{"rendered":"<p>Al\u00e9m de policiais militares \u2013 da reserva e da ativa, \u00a0os atos em defesa do presidente Jair Bolsonaro marcados para o 7 de Setembro, dia da Independ\u00eancia, mobilizam grupos de &#8220;apoiadores raiz\u2019: evang\u00e9licos, ruralistas e caminhoneiros. Ao menos 16 Estados j\u00e1 t\u00eam manifesta\u00e7\u00f5es programadas. Bolsonaro afirmou que comparecer\u00e1 \u00e0s manifesta\u00e7\u00f5es em Bras\u00edlia e em S\u00e3o [&hellip;]<\/p>\n","protected":false},"author":2,"featured_media":163086,"comment_status":"open","ping_status":"open","sticky":false,"template":"","format":"standard","meta":{"_monsterinsights_skip_tracking":false,"_monsterinsights_sitenote_active":false,"_monsterinsights_sitenote_note":"","_monsterinsights_sitenote_category":0},"categories":[6,30259],"tags":[],"aioseo_notices":[],"_links":{"self":[{"href":"https:\/\/mspontocom.com.br\/site\/wp-json\/wp\/v2\/posts\/163078"}],"collection":[{"href":"https:\/\/mspontocom.com.br\/site\/wp-json\/wp\/v2\/posts"}],"about":[{"href":"https:\/\/mspontocom.com.br\/site\/wp-json\/wp\/v2\/types\/post"}],"author":[{"embeddable":true,"href":"https:\/\/mspontocom.com.br\/site\/wp-json\/wp\/v2\/users\/2"}],"replies":[{"embeddable":true,"href":"https:\/\/mspontocom.com.br\/site\/wp-json\/wp\/v2\/comments?post=163078"}],"version-history":[{"count":2,"href":"https:\/\/mspontocom.com.br\/site\/wp-json\/wp\/v2\/posts\/163078\/revisions"}],"predecessor-version":[{"id":163087,"href":"https:\/\/mspontocom.com.br\/site\/wp-json\/wp\/v2\/posts\/163078\/revisions\/163087"}],"wp:featuredmedia":[{"embeddable":true,"href":"https:\/\/mspontocom.com.br\/site\/wp-json\/wp\/v2\/media\/163086"}],"wp:attachment":[{"href":"https:\/\/mspontocom.com.br\/site\/wp-json\/wp\/v2\/media?parent=163078"}],"wp:term":[{"taxonomy":"category","embeddable":true,"href":"https:\/\/mspontocom.com.br\/site\/wp-json\/wp\/v2\/categories?post=163078"},{"taxonomy":"post_tag","embeddable":true,"href":"https:\/\/mspontocom.com.br\/site\/wp-json\/wp\/v2\/tags?post=163078"}],"curies":[{"name":"wp","href":"https:\/\/api.w.org\/{rel}","templated":true}]}}