{"id":163080,"date":"2021-08-28T06:00:13","date_gmt":"2021-08-28T10:00:13","guid":{"rendered":"https:\/\/mspontocom.com.br\/site\/?p=163080"},"modified":"2021-08-28T06:00:13","modified_gmt":"2021-08-28T10:00:13","slug":"a-la-venezuela-lula-diz-que-vai-regular-meios-de-comunicacao-caso-seja-eleito","status":"publish","type":"post","link":"https:\/\/mspontocom.com.br\/site\/a-la-venezuela-lula-diz-que-vai-regular-meios-de-comunicacao-caso-seja-eleito\/","title":{"rendered":"\u00c0 LA VENEZUELA:  Lula diz que vai \u2018regular\u2019 meios de comunica\u00e7\u00e3o caso seja eleito"},"content":{"rendered":"<p><img loading=\"lazy\" class=\"size-full wp-image-163084\" src=\"https:\/\/mspontocom.com.br\/site\/wp-content\/uploads\/2021\/08\/site-lula-diz-que-vai-regular-meios-de-comunicacao-caso-seja-eleito-lula-fachin-868x590-e1630144674104.jpg\" alt=\"\" width=\"848\" height=\"535\" srcset=\"https:\/\/mspontocom.com.br\/site\/wp-content\/uploads\/2021\/08\/site-lula-diz-que-vai-regular-meios-de-comunicacao-caso-seja-eleito-lula-fachin-868x590-e1630144674104.jpg 848w, https:\/\/mspontocom.com.br\/site\/wp-content\/uploads\/2021\/08\/site-lula-diz-que-vai-regular-meios-de-comunicacao-caso-seja-eleito-lula-fachin-868x590-e1630144674104-260x164.jpg 260w, https:\/\/mspontocom.com.br\/site\/wp-content\/uploads\/2021\/08\/site-lula-diz-que-vai-regular-meios-de-comunicacao-caso-seja-eleito-lula-fachin-868x590-e1630144674104-768x485.jpg 768w\" sizes=\"(max-width: 848px) 100vw, 848px\" \/><\/p>\n<p style=\"text-align: justify;\">O ex-presidente Luiz In\u00e1cio Lula da Silva, pr\u00e9-candidato do PT\u00a0\u00e0 Presid\u00eancia da Rep\u00fablica em 2022, retomou a defesa de uma regula\u00e7\u00e3o da m\u00eddia no Brasil.<\/p>\n<p style=\"text-align: justify;\">Repetindo cr\u00edticas \u00e0 imprensa, o ex-presidente afirmou que, caso volte a comandar o Pal\u00e1cio do Planalto no ano que vem, vai \u201cregular os meios de comunica\u00e7\u00e3o nesse pa\u00eds\u201d.<\/p>\n<p style=\"text-align: justify;\">\u201cEstou conversando com muita gente, ouvindo muito desaforo, leio muito a imprensa e tem setores da imprensa que n\u00e3o querem que eu volte a ser candidato porque, se eu voltar, eu vou regular os meios de comunica\u00e7\u00e3o nesse pa\u00eds\u201d, disse Lula em entrevista \u00e0 R\u00e1dio Metr\u00f3pole, de Salvador.<\/p>\n<p style=\"text-align: justify;\">Lula passou a contar em sua pr\u00e9-campanha com o jornalista e ex-ministro Franklin Martins.<\/p>\n<p style=\"text-align: justify;\">Titular da Secretaria de Comunica\u00e7\u00e3o Social no segundo governo Lula, entre 2007 e 2010,\u00a0<strong>Franklin Martins<\/strong>\u00a0foi o respons\u00e1vel por um pol\u00eamico projeto que criava um marco regulat\u00f3rio da comunica\u00e7\u00e3o eletr\u00f4nica no Pa\u00eds.<\/p>\n<p style=\"text-align: justify;\">Conforme Lula, uma nova normatiza\u00e7\u00e3o teria impacto na produ\u00e7\u00e3o de conte\u00fados, \u201ccom mais programas regionais\u201d das TVs, que s\u00e3o concess\u00f5es federais.<\/p>\n<p style=\"text-align: justify;\">Para Wilson Gomes, professor da UFBA e coordenador do Instituto Nacional de Ci\u00eancia e Tecnologia em Democracia Digital, a \u201cregula\u00e7\u00e3o\/controle da m\u00eddia\u201d \u00e9 \u201cum tema t\u00f3xico em que n\u00e3o h\u00e1 a menor possibilidade de ganho\u201d. \u201cS\u00f3 os convertidos, que votariam nele de todo modo, respondem positivamente a esta agenda. N\u00e3o tem como fazer essa ideia parecer legal\u201d, disse Gomes, no Twitter.<\/p>\n<p>&nbsp;<\/p>\n<p>Foto: S\u00e9rgio Lima\/PODER 360<\/p>\n","protected":false},"excerpt":{"rendered":"<p>O ex-presidente Luiz In\u00e1cio Lula da Silva, pr\u00e9-candidato do PT\u00a0\u00e0 Presid\u00eancia da Rep\u00fablica em 2022, retomou a defesa de uma regula\u00e7\u00e3o da m\u00eddia no Brasil. Repetindo cr\u00edticas \u00e0 imprensa, o ex-presidente afirmou que, caso volte a comandar o Pal\u00e1cio do Planalto no ano que vem, vai \u201cregular os meios de comunica\u00e7\u00e3o nesse pa\u00eds\u201d. \u201cEstou conversando [&hellip;]<\/p>\n","protected":false},"author":2,"featured_media":163084,"comment_status":"open","ping_status":"open","sticky":false,"template":"","format":"standard","meta":{"_monsterinsights_skip_tracking":false,"_monsterinsights_sitenote_active":false,"_monsterinsights_sitenote_note":"","_monsterinsights_sitenote_category":0},"categories":[6,30260,30259],"tags":[],"aioseo_notices":[],"_links":{"self":[{"href":"https:\/\/mspontocom.com.br\/site\/wp-json\/wp\/v2\/posts\/163080"}],"collection":[{"href":"https:\/\/mspontocom.com.br\/site\/wp-json\/wp\/v2\/posts"}],"about":[{"href":"https:\/\/mspontocom.com.br\/site\/wp-json\/wp\/v2\/types\/post"}],"author":[{"embeddable":true,"href":"https:\/\/mspontocom.com.br\/site\/wp-json\/wp\/v2\/users\/2"}],"replies":[{"embeddable":true,"href":"https:\/\/mspontocom.com.br\/site\/wp-json\/wp\/v2\/comments?post=163080"}],"version-history":[{"count":2,"href":"https:\/\/mspontocom.com.br\/site\/wp-json\/wp\/v2\/posts\/163080\/revisions"}],"predecessor-version":[{"id":163085,"href":"https:\/\/mspontocom.com.br\/site\/wp-json\/wp\/v2\/posts\/163080\/revisions\/163085"}],"wp:featuredmedia":[{"embeddable":true,"href":"https:\/\/mspontocom.com.br\/site\/wp-json\/wp\/v2\/media\/163084"}],"wp:attachment":[{"href":"https:\/\/mspontocom.com.br\/site\/wp-json\/wp\/v2\/media?parent=163080"}],"wp:term":[{"taxonomy":"category","embeddable":true,"href":"https:\/\/mspontocom.com.br\/site\/wp-json\/wp\/v2\/categories?post=163080"},{"taxonomy":"post_tag","embeddable":true,"href":"https:\/\/mspontocom.com.br\/site\/wp-json\/wp\/v2\/tags?post=163080"}],"curies":[{"name":"wp","href":"https:\/\/api.w.org\/{rel}","templated":true}]}}