{"id":163094,"date":"2021-08-28T06:59:39","date_gmt":"2021-08-28T10:59:39","guid":{"rendered":"https:\/\/mspontocom.com.br\/site\/?p=163094"},"modified":"2021-08-28T06:59:39","modified_gmt":"2021-08-28T10:59:39","slug":"siemens-abre-vagas-para-jovens-talentos-no-brasil","status":"publish","type":"post","link":"https:\/\/mspontocom.com.br\/site\/siemens-abre-vagas-para-jovens-talentos-no-brasil\/","title":{"rendered":"Siemens abre vagas para jovens talentos no Brasil"},"content":{"rendered":"<p style=\"text-align: justify;\"><img loading=\"lazy\" class=\"alignnone size-full wp-image-163095\" src=\"https:\/\/mspontocom.com.br\/site\/wp-content\/uploads\/2021\/08\/site-siemens-abre-vagas-para-jovens-talentos-no-brasil-siemens-735x490.jpg\" alt=\"\" width=\"735\" height=\"490\" srcset=\"https:\/\/mspontocom.com.br\/site\/wp-content\/uploads\/2021\/08\/site-siemens-abre-vagas-para-jovens-talentos-no-brasil-siemens-735x490.jpg 735w, https:\/\/mspontocom.com.br\/site\/wp-content\/uploads\/2021\/08\/site-siemens-abre-vagas-para-jovens-talentos-no-brasil-siemens-735x490-260x173.jpg 260w\" sizes=\"(max-width: 735px) 100vw, 735px\" \/>A\u00a0<strong>Siemens Energy<\/strong>\u00a0abriu inscri\u00e7\u00f5es para o Programa de Desenvolvimento de Talentos 2022, com mais de 95 vagas\u00a0para estudantes em todas as \u00e1reas de conhecimento em cursos de Bacharelado, Licenciatura ou Tecn\u00f3logo.<\/p>\n<p style=\"text-align: justify;\">A sele\u00e7\u00e3o\u00a0permite a participa\u00e7\u00e3o de graduandos de todo o Brasil, com forma\u00e7\u00e3o prevista entre dezembro de 2022 e dezembro de 2023.<\/p>\n<p style=\"text-align: justify;\">Os interessados em concorrer a uma vaga no Programa de Desenvolvimento de Talentos 2022 da\u00a0<strong>Siemens Energy<\/strong>\u00a0devem cadastrar curr\u00edculo at\u00e9 24 de setembro no link:\u00a0<a href=\"https:\/\/bit.ly\/3DqrHtV\" target=\"_blank\" rel=\"noopener\">https:\/\/bit.ly\/3DqrHtV<\/a>\u00a0(encurtado e seguro).<\/p>\n<p style=\"text-align: justify;\">H\u00e1 vagas para atua\u00e7\u00e3o nos Estados de S\u00e3o Paulo, Rio de Janeiro e Minas Gerais.<\/p>\n","protected":false},"excerpt":{"rendered":"<p>A\u00a0Siemens Energy\u00a0abriu inscri\u00e7\u00f5es para o Programa de Desenvolvimento de Talentos 2022, com mais de 95 vagas\u00a0para estudantes em todas as \u00e1reas de conhecimento em cursos de Bacharelado, Licenciatura ou Tecn\u00f3logo. A sele\u00e7\u00e3o\u00a0permite a participa\u00e7\u00e3o de graduandos de todo o Brasil, com forma\u00e7\u00e3o prevista entre dezembro de 2022 e dezembro de 2023. Os interessados em concorrer [&hellip;]<\/p>\n","protected":false},"author":2,"featured_media":163095,"comment_status":"open","ping_status":"open","sticky":false,"template":"","format":"standard","meta":{"_monsterinsights_skip_tracking":false,"_monsterinsights_sitenote_active":false,"_monsterinsights_sitenote_note":"","_monsterinsights_sitenote_category":0},"categories":[28176],"tags":[],"aioseo_notices":[],"_links":{"self":[{"href":"https:\/\/mspontocom.com.br\/site\/wp-json\/wp\/v2\/posts\/163094"}],"collection":[{"href":"https:\/\/mspontocom.com.br\/site\/wp-json\/wp\/v2\/posts"}],"about":[{"href":"https:\/\/mspontocom.com.br\/site\/wp-json\/wp\/v2\/types\/post"}],"author":[{"embeddable":true,"href":"https:\/\/mspontocom.com.br\/site\/wp-json\/wp\/v2\/users\/2"}],"replies":[{"embeddable":true,"href":"https:\/\/mspontocom.com.br\/site\/wp-json\/wp\/v2\/comments?post=163094"}],"version-history":[{"count":1,"href":"https:\/\/mspontocom.com.br\/site\/wp-json\/wp\/v2\/posts\/163094\/revisions"}],"predecessor-version":[{"id":163096,"href":"https:\/\/mspontocom.com.br\/site\/wp-json\/wp\/v2\/posts\/163094\/revisions\/163096"}],"wp:featuredmedia":[{"embeddable":true,"href":"https:\/\/mspontocom.com.br\/site\/wp-json\/wp\/v2\/media\/163095"}],"wp:attachment":[{"href":"https:\/\/mspontocom.com.br\/site\/wp-json\/wp\/v2\/media?parent=163094"}],"wp:term":[{"taxonomy":"category","embeddable":true,"href":"https:\/\/mspontocom.com.br\/site\/wp-json\/wp\/v2\/categories?post=163094"},{"taxonomy":"post_tag","embeddable":true,"href":"https:\/\/mspontocom.com.br\/site\/wp-json\/wp\/v2\/tags?post=163094"}],"curies":[{"name":"wp","href":"https:\/\/api.w.org\/{rel}","templated":true}]}}