{"id":163105,"date":"2021-08-29T06:48:57","date_gmt":"2021-08-29T10:48:57","guid":{"rendered":"https:\/\/mspontocom.com.br\/site\/?p=163105"},"modified":"2021-08-29T06:48:57","modified_gmt":"2021-08-29T10:48:57","slug":"proposta-de-lula-para-a-imprensa-e-ataque-a-democracia-diz-guzzo","status":"publish","type":"post","link":"https:\/\/mspontocom.com.br\/site\/proposta-de-lula-para-a-imprensa-e-ataque-a-democracia-diz-guzzo\/","title":{"rendered":"Proposta de Lula para a imprensa \u00e9 ataque \u00e0 democracia, diz Guzzo"},"content":{"rendered":"<p style=\"text-align: justify;\"><img loading=\"lazy\" class=\"alignnone size-full wp-image-163106\" src=\"https:\/\/mspontocom.com.br\/site\/wp-content\/uploads\/2021\/08\/site-proposta-de-lula-para-a-imprensa-e-ataque-a-democracia-diz-guzzo-lula1-e1630234048621.jpg\" alt=\"\" width=\"762\" height=\"497\" srcset=\"https:\/\/mspontocom.com.br\/site\/wp-content\/uploads\/2021\/08\/site-proposta-de-lula-para-a-imprensa-e-ataque-a-democracia-diz-guzzo-lula1-e1630234048621.jpg 762w, https:\/\/mspontocom.com.br\/site\/wp-content\/uploads\/2021\/08\/site-proposta-de-lula-para-a-imprensa-e-ataque-a-democracia-diz-guzzo-lula1-e1630234048621-260x170.jpg 260w\" sizes=\"(max-width: 762px) 100vw, 762px\" \/>Num pa\u00eds onde est\u00e1 em vigor h\u00e1 dois anos um inqu\u00e9rito supremo para combater \u201catos antidemocr\u00e1ticos\u201d, com pris\u00e3o de gente, incluindo deputados federais, bloqueio de recursos financeiros dos acusados e poderes de AI-5, \u00e9 extraordin\u00e1rio que nenhuma das nossas autoridades superiores tenha se interessado at\u00e9 agora por um ataque grosseiro \u00e0 democracia feito por um dos candidatos \u00e0 Presid\u00eancia da Rep\u00fablica nas elei\u00e7\u00f5es de 2022.<\/p>\n<p style=\"text-align: justify;\">O candidato \u00e9 Lula e o seu ataque \u00e0 democracia \u00e9 a promessa, mais uma vez, de acabar com a liberdade de imprensa neste pa\u00eds se for eleito \u2013 acabar na pr\u00e1tica, no mundo das a\u00e7\u00f5es concretas, com a desculpa de que vai \u201cmelhorar\u201d a integridade da comunica\u00e7\u00e3o social no Brasil.<\/p>\n<p style=\"text-align: justify;\">Desde o seu primeiro governo, tentou criar o \u201ccontrole social dos meios de comunica\u00e7\u00e3o\u201d \u2013 nome de fantasia para a censura, a puni\u00e7\u00e3o a jornalistas e a liquida\u00e7\u00e3o da imprensa livre.<\/p>\n<p style=\"text-align: justify;\">Seu \u00faltimo surto foi uma entrevista coletiva dada dias atr\u00e1s, na qual comunicou ao Pa\u00eds o novo \u201cmarco regulat\u00f3rio\u201d (depois de ouvir essa hist\u00f3ria de \u201cmarco regulat\u00f3rio\u201d, Lula nunca mais largou o osso) que est\u00e1 querendo socar na imprensa brasileira.<\/p>\n<p style=\"text-align: justify;\">\u00a0Ali\u00e1s, Lula deixou claro o que realmente quer para os meios de comunica\u00e7\u00e3o brasileiros \u2013 o esquema que existe hoje na Venezuela, onde a liberdade \u00e9 zero e o governo manda em cada palavra que chega at\u00e9 o p\u00fablico.<\/p>\n<p style=\"text-align: justify;\">\n<p>fonte: Trecho do artigo de\u00a0J. R. Guzzo, O Estado<\/p>\n","protected":false},"excerpt":{"rendered":"<p>Num pa\u00eds onde est\u00e1 em vigor h\u00e1 dois anos um inqu\u00e9rito supremo para combater \u201catos antidemocr\u00e1ticos\u201d, com pris\u00e3o de gente, incluindo deputados federais, bloqueio de recursos financeiros dos acusados e poderes de AI-5, \u00e9 extraordin\u00e1rio que nenhuma das nossas autoridades superiores tenha se interessado at\u00e9 agora por um ataque grosseiro \u00e0 democracia feito por um [&hellip;]<\/p>\n","protected":false},"author":2,"featured_media":163106,"comment_status":"open","ping_status":"open","sticky":false,"template":"","format":"standard","meta":{"_monsterinsights_skip_tracking":false,"_monsterinsights_sitenote_active":false,"_monsterinsights_sitenote_note":"","_monsterinsights_sitenote_category":0},"categories":[6,30260,30259],"tags":[],"aioseo_notices":[],"_links":{"self":[{"href":"https:\/\/mspontocom.com.br\/site\/wp-json\/wp\/v2\/posts\/163105"}],"collection":[{"href":"https:\/\/mspontocom.com.br\/site\/wp-json\/wp\/v2\/posts"}],"about":[{"href":"https:\/\/mspontocom.com.br\/site\/wp-json\/wp\/v2\/types\/post"}],"author":[{"embeddable":true,"href":"https:\/\/mspontocom.com.br\/site\/wp-json\/wp\/v2\/users\/2"}],"replies":[{"embeddable":true,"href":"https:\/\/mspontocom.com.br\/site\/wp-json\/wp\/v2\/comments?post=163105"}],"version-history":[{"count":1,"href":"https:\/\/mspontocom.com.br\/site\/wp-json\/wp\/v2\/posts\/163105\/revisions"}],"predecessor-version":[{"id":163107,"href":"https:\/\/mspontocom.com.br\/site\/wp-json\/wp\/v2\/posts\/163105\/revisions\/163107"}],"wp:featuredmedia":[{"embeddable":true,"href":"https:\/\/mspontocom.com.br\/site\/wp-json\/wp\/v2\/media\/163106"}],"wp:attachment":[{"href":"https:\/\/mspontocom.com.br\/site\/wp-json\/wp\/v2\/media?parent=163105"}],"wp:term":[{"taxonomy":"category","embeddable":true,"href":"https:\/\/mspontocom.com.br\/site\/wp-json\/wp\/v2\/categories?post=163105"},{"taxonomy":"post_tag","embeddable":true,"href":"https:\/\/mspontocom.com.br\/site\/wp-json\/wp\/v2\/tags?post=163105"}],"curies":[{"name":"wp","href":"https:\/\/api.w.org\/{rel}","templated":true}]}}