{"id":163118,"date":"2021-08-30T04:58:11","date_gmt":"2021-08-30T08:58:11","guid":{"rendered":"https:\/\/mspontocom.com.br\/site\/?p=163118"},"modified":"2021-08-30T04:58:11","modified_gmt":"2021-08-30T08:58:11","slug":"popular-ceara-isola-faixa-de-praia-para-lula-tomar-banho-de-mar","status":"publish","type":"post","link":"https:\/\/mspontocom.com.br\/site\/popular-ceara-isola-faixa-de-praia-para-lula-tomar-banho-de-mar\/","title":{"rendered":"Popular?:  Cear\u00e1 isola faixa de praia para Lula tomar banho de mar"},"content":{"rendered":"<p><img loading=\"lazy\" class=\"alignnone size-full wp-image-163119\" src=\"https:\/\/mspontocom.com.br\/site\/wp-content\/uploads\/2021\/08\/site-pm-do-ceara-isola-faixa-de-praia-para-o-popular-lula-tomar-banho-de-mar-lula-mar-e1630313727979.jpg\" alt=\"\" width=\"724\" height=\"376\" srcset=\"https:\/\/mspontocom.com.br\/site\/wp-content\/uploads\/2021\/08\/site-pm-do-ceara-isola-faixa-de-praia-para-o-popular-lula-tomar-banho-de-mar-lula-mar-e1630313727979.jpg 724w, https:\/\/mspontocom.com.br\/site\/wp-content\/uploads\/2021\/08\/site-pm-do-ceara-isola-faixa-de-praia-para-o-popular-lula-tomar-banho-de-mar-lula-mar-e1630313727979-260x135.jpg 260w\" sizes=\"(max-width: 724px) 100vw, 724px\" \/><\/p>\n<p style=\"text-align: justify;\">O ex-presidi\u00e1rio Lula est\u00e1 em passeio pelos estados do Nordeste em busca de apoio aos governos locais para as elei\u00e7\u00f5es 2022.<\/p>\n<p style=\"text-align: justify;\">No Cear\u00e1, hospedado pelo governador petista Camilo Santana, Lula recebeu tratamento VIP com a escolta de tr\u00eas viaturas e 20 policiais militares a sua disposi\u00e7\u00e3o.<\/p>\n<p style=\"text-align: justify;\">Na praia de Picos, distante 200 quil\u00f4metros da capital Fortaleza, o desfrute de Lula e sua namorada foi patrocinado pela for\u00e7a de seguran\u00e7a militar, que isolou parte da enseada para que o casal aproveitasse com privacidade o litoral cearense.<\/p>\n<p style=\"text-align: justify;\">Um propriet\u00e1rio de uma pousada filmou a a\u00e7\u00e3o e divulgou as imagens que mostram moradores e demais turistas impedidos de acessarem a praia, de uso exclusivo de Lula no momento.<\/p>\n<p>A assessoria do governador Camilo Santana informou que a opera\u00e7\u00e3o foi \u201cgarantir a seguran\u00e7a\u201d de Lula, n\u00e3o para dar-lhe privil\u00e9gios.<\/p>\n<p>fonte: Di\u00e1rio do Poder<\/p>\n<p>Foto: Ricardo Stucker\/Reprodu\u00e7\u00e3o<\/p>\n","protected":false},"excerpt":{"rendered":"<p>O ex-presidi\u00e1rio Lula est\u00e1 em passeio pelos estados do Nordeste em busca de apoio aos governos locais para as elei\u00e7\u00f5es 2022. No Cear\u00e1, hospedado pelo governador petista Camilo Santana, Lula recebeu tratamento VIP com a escolta de tr\u00eas viaturas e 20 policiais militares a sua disposi\u00e7\u00e3o. Na praia de Picos, distante 200 quil\u00f4metros da capital [&hellip;]<\/p>\n","protected":false},"author":2,"featured_media":163119,"comment_status":"open","ping_status":"open","sticky":false,"template":"","format":"standard","meta":{"_monsterinsights_skip_tracking":false,"_monsterinsights_sitenote_active":false,"_monsterinsights_sitenote_note":"","_monsterinsights_sitenote_category":0},"categories":[6,30260,30259],"tags":[],"aioseo_notices":[],"_links":{"self":[{"href":"https:\/\/mspontocom.com.br\/site\/wp-json\/wp\/v2\/posts\/163118"}],"collection":[{"href":"https:\/\/mspontocom.com.br\/site\/wp-json\/wp\/v2\/posts"}],"about":[{"href":"https:\/\/mspontocom.com.br\/site\/wp-json\/wp\/v2\/types\/post"}],"author":[{"embeddable":true,"href":"https:\/\/mspontocom.com.br\/site\/wp-json\/wp\/v2\/users\/2"}],"replies":[{"embeddable":true,"href":"https:\/\/mspontocom.com.br\/site\/wp-json\/wp\/v2\/comments?post=163118"}],"version-history":[{"count":1,"href":"https:\/\/mspontocom.com.br\/site\/wp-json\/wp\/v2\/posts\/163118\/revisions"}],"predecessor-version":[{"id":163120,"href":"https:\/\/mspontocom.com.br\/site\/wp-json\/wp\/v2\/posts\/163118\/revisions\/163120"}],"wp:featuredmedia":[{"embeddable":true,"href":"https:\/\/mspontocom.com.br\/site\/wp-json\/wp\/v2\/media\/163119"}],"wp:attachment":[{"href":"https:\/\/mspontocom.com.br\/site\/wp-json\/wp\/v2\/media?parent=163118"}],"wp:term":[{"taxonomy":"category","embeddable":true,"href":"https:\/\/mspontocom.com.br\/site\/wp-json\/wp\/v2\/categories?post=163118"},{"taxonomy":"post_tag","embeddable":true,"href":"https:\/\/mspontocom.com.br\/site\/wp-json\/wp\/v2\/tags?post=163118"}],"curies":[{"name":"wp","href":"https:\/\/api.w.org\/{rel}","templated":true}]}}