{"id":163121,"date":"2021-08-30T05:22:38","date_gmt":"2021-08-30T09:22:38","guid":{"rendered":"https:\/\/mspontocom.com.br\/site\/?p=163121"},"modified":"2021-08-30T05:22:38","modified_gmt":"2021-08-30T09:22:38","slug":"pelo-whatsapp-lideres-evangelicos-fazem-convocacao-para-7-de-setembro","status":"publish","type":"post","link":"https:\/\/mspontocom.com.br\/site\/pelo-whatsapp-lideres-evangelicos-fazem-convocacao-para-7-de-setembro\/","title":{"rendered":"Pelo whatsapp, l\u00edderes evang\u00e9licos fazem convoca\u00e7\u00e3o para 7 de Setembro"},"content":{"rendered":"<p style=\"text-align: justify;\"><img loading=\"lazy\" class=\"alignnone size-full wp-image-163122\" src=\"https:\/\/mspontocom.com.br\/site\/wp-content\/uploads\/2021\/08\/site-pelo-whatsapp-lideres-evangelicos-fazem-convocacao-para-7-de-setembro-sete1-e1630315238139.jpg\" alt=\"\" width=\"922\" height=\"563\" srcset=\"https:\/\/mspontocom.com.br\/site\/wp-content\/uploads\/2021\/08\/site-pelo-whatsapp-lideres-evangelicos-fazem-convocacao-para-7-de-setembro-sete1-e1630315238139.jpg 922w, https:\/\/mspontocom.com.br\/site\/wp-content\/uploads\/2021\/08\/site-pelo-whatsapp-lideres-evangelicos-fazem-convocacao-para-7-de-setembro-sete1-e1630315238139-260x159.jpg 260w, https:\/\/mspontocom.com.br\/site\/wp-content\/uploads\/2021\/08\/site-pelo-whatsapp-lideres-evangelicos-fazem-convocacao-para-7-de-setembro-sete1-e1630315238139-768x469.jpg 768w\" sizes=\"(max-width: 922px) 100vw, 922px\" \/>L\u00edderes de igrejas evang\u00e9licas se mobilizam para convencer fi\u00e9is a participar das manifesta\u00e7\u00f5es de\u00a0<strong>7 de Setembro<\/strong>, em apoio ao presidente Jair Bolsonaro.<\/p>\n<p style=\"text-align: justify;\">A \u00faltima convoca\u00e7\u00e3o para o 7 de Setembro circulou no WhatsApp.<\/p>\n<p style=\"text-align: justify;\">S\u00e3o pastores televangelistas e influenciadores digitais. Aparecem no v\u00eddeo\u00a0<strong>Cl\u00e1udio Duarte\u00a0<\/strong>(Projeto Recome\u00e7ar),\u00a0<strong>Ren\u00ea Terra Nova\u00a0<\/strong>(M12),\u00a0<strong>Samuel C\u00e2mara\u00a0<\/strong>(Assembleia de Deus em Bel\u00e9m),\u00a0<strong>C\u00e9sar Augusto\u00a0<\/strong>(Fonte da Vida), <strong>Silas Malafaia<\/strong>\u00a0(Vit\u00f3ria em Cristo) e\u00a0<strong>Estevam Hernandes\u00a0<\/strong>(Renascer em Cristo).<\/p>\n<p style=\"text-align: justify;\">Dirigentes da Sara Nossa Terra e das Assembleias de Deus Madureira-Br\u00e1s e Minist\u00e9rio do Bel\u00e9m tamb\u00e9m apoiam o ato, embora n\u00e3o estejam no v\u00eddeo.<\/p>\n<p style=\"text-align: justify;\">Ao lado de associa\u00e7\u00f5es de policiais, clubes de militares das For\u00e7as Armadas, entidades ruralistas e representantes de caminhoneiros,\u00a0os evang\u00e9licos prometem se encontrar pessoalmente com Bolsonaro na Avenida Paulista, em S\u00e3o Paulo.<\/p>\n<p style=\"text-align: justify;\">Os pastores devem subir no carro de som do movimento Nas Ruas, ao qual a deputada Carla Zambelli\u00a0(PSL-SP) \u00e9 ligada.<\/p>\n","protected":false},"excerpt":{"rendered":"<p>L\u00edderes de igrejas evang\u00e9licas se mobilizam para convencer fi\u00e9is a participar das manifesta\u00e7\u00f5es de\u00a07 de Setembro, em apoio ao presidente Jair Bolsonaro. A \u00faltima convoca\u00e7\u00e3o para o 7 de Setembro circulou no WhatsApp. S\u00e3o pastores televangelistas e influenciadores digitais. Aparecem no v\u00eddeo\u00a0Cl\u00e1udio Duarte\u00a0(Projeto Recome\u00e7ar),\u00a0Ren\u00ea Terra Nova\u00a0(M12),\u00a0Samuel C\u00e2mara\u00a0(Assembleia de Deus em Bel\u00e9m),\u00a0C\u00e9sar Augusto\u00a0(Fonte da Vida), Silas [&hellip;]<\/p>\n","protected":false},"author":2,"featured_media":163122,"comment_status":"open","ping_status":"open","sticky":false,"template":"","format":"standard","meta":{"_monsterinsights_skip_tracking":false,"_monsterinsights_sitenote_active":false,"_monsterinsights_sitenote_note":"","_monsterinsights_sitenote_category":0},"categories":[6,30260,30259],"tags":[],"aioseo_notices":[],"_links":{"self":[{"href":"https:\/\/mspontocom.com.br\/site\/wp-json\/wp\/v2\/posts\/163121"}],"collection":[{"href":"https:\/\/mspontocom.com.br\/site\/wp-json\/wp\/v2\/posts"}],"about":[{"href":"https:\/\/mspontocom.com.br\/site\/wp-json\/wp\/v2\/types\/post"}],"author":[{"embeddable":true,"href":"https:\/\/mspontocom.com.br\/site\/wp-json\/wp\/v2\/users\/2"}],"replies":[{"embeddable":true,"href":"https:\/\/mspontocom.com.br\/site\/wp-json\/wp\/v2\/comments?post=163121"}],"version-history":[{"count":1,"href":"https:\/\/mspontocom.com.br\/site\/wp-json\/wp\/v2\/posts\/163121\/revisions"}],"predecessor-version":[{"id":163123,"href":"https:\/\/mspontocom.com.br\/site\/wp-json\/wp\/v2\/posts\/163121\/revisions\/163123"}],"wp:featuredmedia":[{"embeddable":true,"href":"https:\/\/mspontocom.com.br\/site\/wp-json\/wp\/v2\/media\/163122"}],"wp:attachment":[{"href":"https:\/\/mspontocom.com.br\/site\/wp-json\/wp\/v2\/media?parent=163121"}],"wp:term":[{"taxonomy":"category","embeddable":true,"href":"https:\/\/mspontocom.com.br\/site\/wp-json\/wp\/v2\/categories?post=163121"},{"taxonomy":"post_tag","embeddable":true,"href":"https:\/\/mspontocom.com.br\/site\/wp-json\/wp\/v2\/tags?post=163121"}],"curies":[{"name":"wp","href":"https:\/\/api.w.org\/{rel}","templated":true}]}}