{"id":163153,"date":"2021-08-31T05:22:59","date_gmt":"2021-08-31T09:22:59","guid":{"rendered":"https:\/\/mspontocom.com.br\/site\/?p=163153"},"modified":"2021-08-31T05:22:59","modified_gmt":"2021-08-31T09:22:59","slug":"bolsonaro-moraes-espera-momento-para-adotar-medidas-restritivas","status":"publish","type":"post","link":"https:\/\/mspontocom.com.br\/site\/bolsonaro-moraes-espera-momento-para-adotar-medidas-restritivas\/","title":{"rendered":"Bolsonaro: Moraes espera momento para adotar medidas restritivas"},"content":{"rendered":"<p style=\"text-align: justify;\"><img loading=\"lazy\" class=\"alignnone size-full wp-image-163155\" src=\"https:\/\/mspontocom.com.br\/site\/wp-content\/uploads\/2021\/08\/site-bolsonaro-alexandre-04b400d3-e1630401701800.jpg\" alt=\"\" width=\"541\" height=\"324\" srcset=\"https:\/\/mspontocom.com.br\/site\/wp-content\/uploads\/2021\/08\/site-bolsonaro-alexandre-04b400d3-e1630401701800.jpg 541w, https:\/\/mspontocom.com.br\/site\/wp-content\/uploads\/2021\/08\/site-bolsonaro-alexandre-04b400d3-e1630401701800-260x156.jpg 260w\" sizes=\"(max-width: 541px) 100vw, 541px\" \/><\/p>\n<p style=\"text-align: justify;\">O presidente da Rep\u00fablica, Jair Bolsonaro\u00a0 disse nesta segunda (30) temer uma investida do ministro Alexandre de Moraes, do Supremo Tribunal Federal (STF), determinando restri\u00e7\u00f5es ou at\u00e9 pris\u00e3o contra ele assim que acabar seu mandato.<\/p>\n<p style=\"text-align: justify;\">Bolsonaro afirma sofrer uma press\u00e3o muito grande e que a prova disso foi sua inclus\u00e3o \u201csem provas\u201d no inqu\u00e9rito das fake news.<\/p>\n<p style=\"text-align: justify;\"><strong>\u201cEst\u00e1 uma press\u00e3o muito grande.\u00a0\u00a0N\u00e3o pode um ministro apenas ser dono do inqu\u00e9rito. Se est\u00e1 fazendo comigo, imagina o que est\u00e1 fazendo com outras pessoas\u201d,<\/strong> disse durante entrevista \u00e0 Rede Fonte de Comunica\u00e7\u00e3o Goi\u00e1s.<\/p>\n<p style=\"text-align: justify;\">O presidente tamb\u00e9m criticou medidas recentes como as pris\u00f5es de deputados, jornalistas e presidentes de partidos pol\u00edticos. <strong>\u201cN\u00e3o podemos admitir que um deputado federal, preso at\u00e9 agora, n\u00e3o interessa o que ele falou, bem como um jornalista preso e um presidente de partido preso tamb\u00e9m. N\u00e3o justifica isso da\u00ed\u201d,<\/strong> criticou.<\/p>\n","protected":false},"excerpt":{"rendered":"<p>O presidente da Rep\u00fablica, Jair Bolsonaro\u00a0 disse nesta segunda (30) temer uma investida do ministro Alexandre de Moraes, do Supremo Tribunal Federal (STF), determinando restri\u00e7\u00f5es ou at\u00e9 pris\u00e3o contra ele assim que acabar seu mandato. Bolsonaro afirma sofrer uma press\u00e3o muito grande e que a prova disso foi sua inclus\u00e3o \u201csem provas\u201d no inqu\u00e9rito das [&hellip;]<\/p>\n","protected":false},"author":2,"featured_media":163155,"comment_status":"open","ping_status":"open","sticky":false,"template":"","format":"standard","meta":{"_monsterinsights_skip_tracking":false,"_monsterinsights_sitenote_active":false,"_monsterinsights_sitenote_note":"","_monsterinsights_sitenote_category":0},"categories":[6,30260,30259],"tags":[],"aioseo_notices":[],"_links":{"self":[{"href":"https:\/\/mspontocom.com.br\/site\/wp-json\/wp\/v2\/posts\/163153"}],"collection":[{"href":"https:\/\/mspontocom.com.br\/site\/wp-json\/wp\/v2\/posts"}],"about":[{"href":"https:\/\/mspontocom.com.br\/site\/wp-json\/wp\/v2\/types\/post"}],"author":[{"embeddable":true,"href":"https:\/\/mspontocom.com.br\/site\/wp-json\/wp\/v2\/users\/2"}],"replies":[{"embeddable":true,"href":"https:\/\/mspontocom.com.br\/site\/wp-json\/wp\/v2\/comments?post=163153"}],"version-history":[{"count":1,"href":"https:\/\/mspontocom.com.br\/site\/wp-json\/wp\/v2\/posts\/163153\/revisions"}],"predecessor-version":[{"id":163156,"href":"https:\/\/mspontocom.com.br\/site\/wp-json\/wp\/v2\/posts\/163153\/revisions\/163156"}],"wp:featuredmedia":[{"embeddable":true,"href":"https:\/\/mspontocom.com.br\/site\/wp-json\/wp\/v2\/media\/163155"}],"wp:attachment":[{"href":"https:\/\/mspontocom.com.br\/site\/wp-json\/wp\/v2\/media?parent=163153"}],"wp:term":[{"taxonomy":"category","embeddable":true,"href":"https:\/\/mspontocom.com.br\/site\/wp-json\/wp\/v2\/categories?post=163153"},{"taxonomy":"post_tag","embeddable":true,"href":"https:\/\/mspontocom.com.br\/site\/wp-json\/wp\/v2\/tags?post=163153"}],"curies":[{"name":"wp","href":"https:\/\/api.w.org\/{rel}","templated":true}]}}