{"id":163157,"date":"2021-08-31T05:31:00","date_gmt":"2021-08-31T09:31:00","guid":{"rendered":"https:\/\/mspontocom.com.br\/site\/?p=163157"},"modified":"2021-08-31T05:31:00","modified_gmt":"2021-08-31T09:31:00","slug":"salles-convoca-quem-tem-vergonha-na-cara-a-ir-as-ruas-no-7-de-setembro","status":"publish","type":"post","link":"https:\/\/mspontocom.com.br\/site\/salles-convoca-quem-tem-vergonha-na-cara-a-ir-as-ruas-no-7-de-setembro\/","title":{"rendered":"Salles convoca quem tem \u2018vergonha na cara\u2019 a ir \u00e0s ruas no 7 de setembro"},"content":{"rendered":"<p style=\"text-align: justify;\"><img loading=\"lazy\" class=\"alignnone size-full wp-image-163158\" src=\"https:\/\/mspontocom.com.br\/site\/wp-content\/uploads\/2021\/08\/site-salles-convoca-quem-tem-vergonha-na-cara-a-ir-as-ruas-no-7-de-setembro-sete-e1630402182512.jpg\" alt=\"\" width=\"940\" height=\"760\" srcset=\"https:\/\/mspontocom.com.br\/site\/wp-content\/uploads\/2021\/08\/site-salles-convoca-quem-tem-vergonha-na-cara-a-ir-as-ruas-no-7-de-setembro-sete-e1630402182512.jpg 940w, https:\/\/mspontocom.com.br\/site\/wp-content\/uploads\/2021\/08\/site-salles-convoca-quem-tem-vergonha-na-cara-a-ir-as-ruas-no-7-de-setembro-sete-e1630402182512-260x210.jpg 260w, https:\/\/mspontocom.com.br\/site\/wp-content\/uploads\/2021\/08\/site-salles-convoca-quem-tem-vergonha-na-cara-a-ir-as-ruas-no-7-de-setembro-sete-e1630402182512-768x621.jpg 768w\" sizes=\"(max-width: 940px) 100vw, 940px\" \/>O ex-ministro do Meio Ambiente Ricardo Salles\u00a0 j\u00e1 retomou sua atividade pol\u00edtica e endossou a mobiliza\u00e7\u00e3o feita pelo presidente Jair Bolsonaro\u00a0para os atos pr\u00f3-governo, marcados para 7 de setembro.<\/p>\n<p style=\"text-align: justify;\">Apesar do temor de muitos de que as manifesta\u00e7\u00f5es n\u00e3o sejam pac\u00edficas , Salles descartou que algo desse tipo possa acontecer.<\/p>\n<p style=\"text-align: justify;\">\u201cDia 07\/09 n\u00e3o \u00e9 para baderna ou ataque \u00e0s institui\u00e7\u00f5es. Muito pelo contr\u00e1rio. \u00c9 para defender a verdadeira democracia, a liberdade e o Estado de Direito. Quem ama o Brasil, tem um pingo de vergonha na cara e algum sangue nas veias, estar\u00e1 nas ruas!\u201d, afirmou o ex-ministro em suas redes sociais.<\/p>\n<p style=\"text-align: justify;\">Neste fim de semana, Salles participou de uma \u201cCavalgada pela Fam\u00edlia\u201d, em Bauru, num evento que tamb\u00e9m contou com a presen\u00e7a do ministro da Ci\u00eancia e Tecnologia, Marcos Pontes.<\/p>\n<p style=\"text-align: justify;\">Na defini\u00e7\u00e3o do ex-ministro, o ato foi \u201cem defesa da democracia, da liberdade, da fam\u00edlia e do Brasil\u201d.<\/p>\n","protected":false},"excerpt":{"rendered":"<p>O ex-ministro do Meio Ambiente Ricardo Salles\u00a0 j\u00e1 retomou sua atividade pol\u00edtica e endossou a mobiliza\u00e7\u00e3o feita pelo presidente Jair Bolsonaro\u00a0para os atos pr\u00f3-governo, marcados para 7 de setembro. Apesar do temor de muitos de que as manifesta\u00e7\u00f5es n\u00e3o sejam pac\u00edficas , Salles descartou que algo desse tipo possa acontecer. \u201cDia 07\/09 n\u00e3o \u00e9 para [&hellip;]<\/p>\n","protected":false},"author":2,"featured_media":163158,"comment_status":"open","ping_status":"open","sticky":false,"template":"","format":"standard","meta":{"_monsterinsights_skip_tracking":false,"_monsterinsights_sitenote_active":false,"_monsterinsights_sitenote_note":"","_monsterinsights_sitenote_category":0},"categories":[6,30260,30259],"tags":[],"aioseo_notices":[],"_links":{"self":[{"href":"https:\/\/mspontocom.com.br\/site\/wp-json\/wp\/v2\/posts\/163157"}],"collection":[{"href":"https:\/\/mspontocom.com.br\/site\/wp-json\/wp\/v2\/posts"}],"about":[{"href":"https:\/\/mspontocom.com.br\/site\/wp-json\/wp\/v2\/types\/post"}],"author":[{"embeddable":true,"href":"https:\/\/mspontocom.com.br\/site\/wp-json\/wp\/v2\/users\/2"}],"replies":[{"embeddable":true,"href":"https:\/\/mspontocom.com.br\/site\/wp-json\/wp\/v2\/comments?post=163157"}],"version-history":[{"count":1,"href":"https:\/\/mspontocom.com.br\/site\/wp-json\/wp\/v2\/posts\/163157\/revisions"}],"predecessor-version":[{"id":163159,"href":"https:\/\/mspontocom.com.br\/site\/wp-json\/wp\/v2\/posts\/163157\/revisions\/163159"}],"wp:featuredmedia":[{"embeddable":true,"href":"https:\/\/mspontocom.com.br\/site\/wp-json\/wp\/v2\/media\/163158"}],"wp:attachment":[{"href":"https:\/\/mspontocom.com.br\/site\/wp-json\/wp\/v2\/media?parent=163157"}],"wp:term":[{"taxonomy":"category","embeddable":true,"href":"https:\/\/mspontocom.com.br\/site\/wp-json\/wp\/v2\/categories?post=163157"},{"taxonomy":"post_tag","embeddable":true,"href":"https:\/\/mspontocom.com.br\/site\/wp-json\/wp\/v2\/tags?post=163157"}],"curies":[{"name":"wp","href":"https:\/\/api.w.org\/{rel}","templated":true}]}}