{"id":163192,"date":"2021-09-01T05:55:28","date_gmt":"2021-09-01T09:55:28","guid":{"rendered":"https:\/\/mspontocom.com.br\/site\/?p=163192"},"modified":"2021-09-01T05:55:28","modified_gmt":"2021-09-01T09:55:28","slug":"bolsonaro-diz-que-povo-vai-mostrar-quem-manda-no-brasil-no-7-de-setembro","status":"publish","type":"post","link":"https:\/\/mspontocom.com.br\/site\/bolsonaro-diz-que-povo-vai-mostrar-quem-manda-no-brasil-no-7-de-setembro\/","title":{"rendered":"Bolsonaro diz que povo vai mostrar \u2018quem manda no Brasil\u2019 no 7 de Setembro"},"content":{"rendered":"<p style=\"text-align: justify;\"><img loading=\"lazy\" class=\"alignnone size-full wp-image-163199\" src=\"https:\/\/mspontocom.com.br\/site\/wp-content\/uploads\/2021\/09\/site-bolsonaro-diz-que-apoiadores-vao-mostrar-quem-manda-no-brasil-no-7-de-setembro-sete1-e1630490043693.jpg\" alt=\"\" width=\"927\" height=\"472\" srcset=\"https:\/\/mspontocom.com.br\/site\/wp-content\/uploads\/2021\/09\/site-bolsonaro-diz-que-apoiadores-vao-mostrar-quem-manda-no-brasil-no-7-de-setembro-sete1-e1630490043693.jpg 927w, https:\/\/mspontocom.com.br\/site\/wp-content\/uploads\/2021\/09\/site-bolsonaro-diz-que-apoiadores-vao-mostrar-quem-manda-no-brasil-no-7-de-setembro-sete1-e1630490043693-260x132.jpg 260w, https:\/\/mspontocom.com.br\/site\/wp-content\/uploads\/2021\/09\/site-bolsonaro-diz-que-apoiadores-vao-mostrar-quem-manda-no-brasil-no-7-de-setembro-sete1-e1630490043693-768x391.jpg 768w\" sizes=\"(max-width: 927px) 100vw, 927px\" \/>O presidente Jair Bolsonaro\u00a0disse que seus apoiadores v\u00e3o mostrar \u201cquem manda no Brasil\u201d no 7 de Setembro, quando est\u00e3o previstas manifesta\u00e7\u00f5es em apoio ao governo.<\/p>\n<p style=\"text-align: justify;\"><strong>\u201cVoc\u00eas \u00e9 que devem dar o norte aos que est\u00e3o em Bras\u00edlia. Esse norte ser\u00e1 dado com mais \u00eanfase no pr\u00f3ximo dia 7\u201d,<\/strong> afirmou ele, em tom inflamado.<\/p>\n<p style=\"text-align: justify;\">Bolsonaro definiu o ato de 7 de Setembro como \u201cum retrato para o Brasil e para o mundo\u201d e repetiu que atender\u00e1 aos anseios da popula\u00e7\u00e3o.<\/p>\n<p style=\"text-align: justify;\"><strong>\u201cEsse Pa\u00eds ir\u00e1 para onde voc\u00eas apontarem. Todos n\u00f3s do Executivo, Legislativo e Judici\u00e1rio temos obriga\u00e7\u00e3o de estar ao lado do povo. Voc\u00eas estar\u00e3o mostrando, no pr\u00f3ximo dia 7, que quem manda no Brasil s\u00e3o voc\u00eas. N\u00f3s temos a obriga\u00e7\u00e3o de fazer aquilo que voc\u00eas determinam\u201d,<\/strong> declarou.<\/p>\n<p style=\"text-align: justify;\">Afirmou, ainda, que quer transmitir uma mensagem principalmente para o Judici\u00e1rio.<\/p>\n<p style=\"text-align: justify;\">Sem citar nomes, Bolsonaro fez novas cr\u00edticas aos ministros do\u00a0STF ao dizer que os magistrados \u201cimp\u00f5em\u201d suas vontades \u00e0 popula\u00e7\u00e3o.<\/p>\n","protected":false},"excerpt":{"rendered":"<p>O presidente Jair Bolsonaro\u00a0disse que seus apoiadores v\u00e3o mostrar \u201cquem manda no Brasil\u201d no 7 de Setembro, quando est\u00e3o previstas manifesta\u00e7\u00f5es em apoio ao governo. \u201cVoc\u00eas \u00e9 que devem dar o norte aos que est\u00e3o em Bras\u00edlia. Esse norte ser\u00e1 dado com mais \u00eanfase no pr\u00f3ximo dia 7\u201d, afirmou ele, em tom inflamado. Bolsonaro definiu [&hellip;]<\/p>\n","protected":false},"author":2,"featured_media":163199,"comment_status":"open","ping_status":"open","sticky":false,"template":"","format":"standard","meta":{"_monsterinsights_skip_tracking":false,"_monsterinsights_sitenote_active":false,"_monsterinsights_sitenote_note":"","_monsterinsights_sitenote_category":0},"categories":[6,30260,30259],"tags":[],"aioseo_notices":[],"_links":{"self":[{"href":"https:\/\/mspontocom.com.br\/site\/wp-json\/wp\/v2\/posts\/163192"}],"collection":[{"href":"https:\/\/mspontocom.com.br\/site\/wp-json\/wp\/v2\/posts"}],"about":[{"href":"https:\/\/mspontocom.com.br\/site\/wp-json\/wp\/v2\/types\/post"}],"author":[{"embeddable":true,"href":"https:\/\/mspontocom.com.br\/site\/wp-json\/wp\/v2\/users\/2"}],"replies":[{"embeddable":true,"href":"https:\/\/mspontocom.com.br\/site\/wp-json\/wp\/v2\/comments?post=163192"}],"version-history":[{"count":2,"href":"https:\/\/mspontocom.com.br\/site\/wp-json\/wp\/v2\/posts\/163192\/revisions"}],"predecessor-version":[{"id":163200,"href":"https:\/\/mspontocom.com.br\/site\/wp-json\/wp\/v2\/posts\/163192\/revisions\/163200"}],"wp:featuredmedia":[{"embeddable":true,"href":"https:\/\/mspontocom.com.br\/site\/wp-json\/wp\/v2\/media\/163199"}],"wp:attachment":[{"href":"https:\/\/mspontocom.com.br\/site\/wp-json\/wp\/v2\/media?parent=163192"}],"wp:term":[{"taxonomy":"category","embeddable":true,"href":"https:\/\/mspontocom.com.br\/site\/wp-json\/wp\/v2\/categories?post=163192"},{"taxonomy":"post_tag","embeddable":true,"href":"https:\/\/mspontocom.com.br\/site\/wp-json\/wp\/v2\/tags?post=163192"}],"curies":[{"name":"wp","href":"https:\/\/api.w.org\/{rel}","templated":true}]}}