{"id":163208,"date":"2021-09-07T05:35:55","date_gmt":"2021-09-07T09:35:55","guid":{"rendered":"https:\/\/mspontocom.com.br\/site\/?p=163208"},"modified":"2021-09-07T06:59:48","modified_gmt":"2021-09-07T10:59:48","slug":"ambev-abre-vagas-de-estagio-e-trainee-em-todo-pais","status":"publish","type":"post","link":"https:\/\/mspontocom.com.br\/site\/ambev-abre-vagas-de-estagio-e-trainee-em-todo-pais\/","title":{"rendered":"Ambev abre vagas de est\u00e1gio e trainee em todo pa\u00eds"},"content":{"rendered":"<p style=\"text-align: justify;\"><img loading=\"lazy\" class=\"alignnone size-full wp-image-163209\" src=\"https:\/\/mspontocom.com.br\/site\/wp-content\/uploads\/2021\/09\/site-ambev-abre-vagas-de-estagio-e-trainee-em-todo-pais-ambev.jpg\" alt=\"\" width=\"600\" height=\"400\" srcset=\"https:\/\/mspontocom.com.br\/site\/wp-content\/uploads\/2021\/09\/site-ambev-abre-vagas-de-estagio-e-trainee-em-todo-pais-ambev.jpg 600w, https:\/\/mspontocom.com.br\/site\/wp-content\/uploads\/2021\/09\/site-ambev-abre-vagas-de-estagio-e-trainee-em-todo-pais-ambev-260x173.jpg 260w\" sizes=\"(max-width: 600px) 100vw, 600px\" \/><\/p>\n<p style=\"text-align: justify;\">A\u00a0<strong>Ambev<\/strong>\u00a0est\u00e1 com inscri\u00e7\u00f5es abertas para seus programas de Est\u00e1gio, Trainee e Representa 2022.<\/p>\n<p style=\"text-align: justify;\">S\u00e3o mais de 300 vagas\u00a0para as unidades da empresa de todo o pa\u00eds e os processos seletivos ser\u00e3o 100% on-line<\/p>\n<p style=\"text-align: justify;\"><strong>Trainee<\/strong><\/p>\n<p style=\"text-align: justify;\">As sele\u00e7\u00f5es para o Trainee\u00a0Ambev\u00a0acontecem duas vezes ao ano, uma em cada semestre. Al\u00e9m das j\u00e1 tradicionais vagas para as \u00e1reas de Business, Supply e Tech, a empresa incorporou, pela primeira vez, vagas exclusivas para a \u00e1rea de Log\u00edstica.<\/p>\n<p style=\"text-align: justify;\"><strong>Est\u00e1gio<\/strong><\/p>\n<p style=\"text-align: justify;\">J\u00e1 o Programa de Est\u00e1gio, vai selecionar jovens potenciais ainda em per\u00edodo de forma\u00e7\u00e3o para prepar\u00e1-los para assumir desafios na Ambev quando tiverem conclu\u00eddo seus cursos.<\/p>\n<p style=\"text-align: justify;\"><strong>Inscri\u00e7\u00f5es<\/strong><\/p>\n<p style=\"text-align: justify;\">Quem quiser participar do processos seletivos para os programas de Est\u00e1gio, Trainee e Representa 2022 da\u00a0Ambev\u00a0deve acessar o site\u00a0<a href=\"https:\/\/www.ambev.com.br\/carreiras\/nossos-programas\" target=\"_blank\" rel=\"noopener\">www.ambev.com.br\/carreiras\/nossos-programas<\/a>\u00a0e efetuar a inscri\u00e7\u00e3o.<\/p>\n<p style=\"text-align: justify;\">O prazo para candidaturas ficar\u00e1 aberto at\u00e9 o dia 14 de setembro.<\/p>\n<p style=\"text-align: justify;\">fonte: Douglas Terenciano, JC<\/p>\n","protected":false},"excerpt":{"rendered":"<p>A\u00a0Ambev\u00a0est\u00e1 com inscri\u00e7\u00f5es abertas para seus programas de Est\u00e1gio, Trainee e Representa 2022. S\u00e3o mais de 300 vagas\u00a0para as unidades da empresa de todo o pa\u00eds e os processos seletivos ser\u00e3o 100% on-line Trainee As sele\u00e7\u00f5es para o Trainee\u00a0Ambev\u00a0acontecem duas vezes ao ano, uma em cada semestre. Al\u00e9m das j\u00e1 tradicionais vagas para as \u00e1reas [&hellip;]<\/p>\n","protected":false},"author":2,"featured_media":163209,"comment_status":"open","ping_status":"open","sticky":false,"template":"","format":"standard","meta":{"_monsterinsights_skip_tracking":false,"_monsterinsights_sitenote_active":false,"_monsterinsights_sitenote_note":"","_monsterinsights_sitenote_category":0},"categories":[28176,30259],"tags":[],"aioseo_notices":[],"_links":{"self":[{"href":"https:\/\/mspontocom.com.br\/site\/wp-json\/wp\/v2\/posts\/163208"}],"collection":[{"href":"https:\/\/mspontocom.com.br\/site\/wp-json\/wp\/v2\/posts"}],"about":[{"href":"https:\/\/mspontocom.com.br\/site\/wp-json\/wp\/v2\/types\/post"}],"author":[{"embeddable":true,"href":"https:\/\/mspontocom.com.br\/site\/wp-json\/wp\/v2\/users\/2"}],"replies":[{"embeddable":true,"href":"https:\/\/mspontocom.com.br\/site\/wp-json\/wp\/v2\/comments?post=163208"}],"version-history":[{"count":2,"href":"https:\/\/mspontocom.com.br\/site\/wp-json\/wp\/v2\/posts\/163208\/revisions"}],"predecessor-version":[{"id":163243,"href":"https:\/\/mspontocom.com.br\/site\/wp-json\/wp\/v2\/posts\/163208\/revisions\/163243"}],"wp:featuredmedia":[{"embeddable":true,"href":"https:\/\/mspontocom.com.br\/site\/wp-json\/wp\/v2\/media\/163209"}],"wp:attachment":[{"href":"https:\/\/mspontocom.com.br\/site\/wp-json\/wp\/v2\/media?parent=163208"}],"wp:term":[{"taxonomy":"category","embeddable":true,"href":"https:\/\/mspontocom.com.br\/site\/wp-json\/wp\/v2\/categories?post=163208"},{"taxonomy":"post_tag","embeddable":true,"href":"https:\/\/mspontocom.com.br\/site\/wp-json\/wp\/v2\/tags?post=163208"}],"curies":[{"name":"wp","href":"https:\/\/api.w.org\/{rel}","templated":true}]}}