{"id":163247,"date":"2021-09-02T05:47:44","date_gmt":"2021-09-02T09:47:44","guid":{"rendered":"https:\/\/mspontocom.com.br\/site\/?p=163247"},"modified":"2021-09-02T05:47:44","modified_gmt":"2021-09-02T09:47:44","slug":"apoio-de-pms-a-bolsonaro-aumenta-as-vesperas-do-7-de-setembro","status":"publish","type":"post","link":"https:\/\/mspontocom.com.br\/site\/apoio-de-pms-a-bolsonaro-aumenta-as-vesperas-do-7-de-setembro\/","title":{"rendered":"Apoio de PMs a Bolsonaro aumenta \u00e0s v\u00e9speras do 7 de Setembro"},"content":{"rendered":"<p style=\"text-align: justify;\"><img loading=\"lazy\" class=\"alignnone size-full wp-image-163249\" src=\"https:\/\/mspontocom.com.br\/site\/wp-content\/uploads\/2021\/09\/site-apoio-de-pms-a-bolsonaro-aumenta-as-vesperas-do-7-de-setembro-bolso-continencia-e1630575983115.jpg\" alt=\"\" width=\"754\" height=\"480\" srcset=\"https:\/\/mspontocom.com.br\/site\/wp-content\/uploads\/2021\/09\/site-apoio-de-pms-a-bolsonaro-aumenta-as-vesperas-do-7-de-setembro-bolso-continencia-e1630575983115.jpg 754w, https:\/\/mspontocom.com.br\/site\/wp-content\/uploads\/2021\/09\/site-apoio-de-pms-a-bolsonaro-aumenta-as-vesperas-do-7-de-setembro-bolso-continencia-e1630575983115-260x166.jpg 260w\" sizes=\"(max-width: 754px) 100vw, 754px\" \/>A uma semana dos atos em apoio ao presidente Jair Bolsonaro\u00a0 marcados para 7 de setembro, um estudo do FBSP (F\u00f3rum Brasileiro de Seguran\u00e7a P\u00fablica) mostra que a ades\u00e3o de policiais a ambientes bolsonaristas nas redes sociais disparou em rela\u00e7\u00e3o a 2020, quando o primeiro levantamento desse tipo foi feito.<\/p>\n<p style=\"text-align: justify;\">Segundo dados de agosto, essa ades\u00e3o \u00e9 puxada pelas pol\u00edcias militares: 51% dos pra\u00e7as (agentes de baixa patente, incluindo soldados, cabos, sargentos e subtenentes) s\u00e3o bolsonaristas \u2014um aumento de dez pontos percentuais em rela\u00e7\u00e3o aos 41% em 2020.<\/p>\n<p style=\"text-align: justify;\">J\u00e1 entre os oficiais (membros da alta patente, incluindo aspirantes a oficiais, tenentes, capit\u00e3es, majores, tenentes-coron\u00e9is e coron\u00e9is), a ades\u00e3o ao bolsonarismo chega a 44% da tropa \u201423% deles interagem com conte\u00fados\u00a0 ante 17% no ano passado.<\/p>\n<p style=\"text-align: justify;\">A pesquisa tem \u00edndice de confian\u00e7a de 95% e margem de erro de 3%.<\/p>\n<p style=\"text-align: justify;\">A press\u00e3o sobre os comandos e governadores por conta da politiza\u00e7\u00e3o dos quart\u00e9is aumentou com a aproxima\u00e7\u00e3o do 7 de Setembro, com Bolsonaro convocando atos em seu apoio em capitais como S\u00e3o Paulo e Bras\u00edlia.<\/p>\n<p>&nbsp;<\/p>\n<p>&nbsp;<\/p>\n","protected":false},"excerpt":{"rendered":"<p>A uma semana dos atos em apoio ao presidente Jair Bolsonaro\u00a0 marcados para 7 de setembro, um estudo do FBSP (F\u00f3rum Brasileiro de Seguran\u00e7a P\u00fablica) mostra que a ades\u00e3o de policiais a ambientes bolsonaristas nas redes sociais disparou em rela\u00e7\u00e3o a 2020, quando o primeiro levantamento desse tipo foi feito. Segundo dados de agosto, essa [&hellip;]<\/p>\n","protected":false},"author":2,"featured_media":163249,"comment_status":"open","ping_status":"open","sticky":false,"template":"","format":"standard","meta":{"_monsterinsights_skip_tracking":false,"_monsterinsights_sitenote_active":false,"_monsterinsights_sitenote_note":"","_monsterinsights_sitenote_category":0},"categories":[6,30260,30259,12],"tags":[],"aioseo_notices":[],"_links":{"self":[{"href":"https:\/\/mspontocom.com.br\/site\/wp-json\/wp\/v2\/posts\/163247"}],"collection":[{"href":"https:\/\/mspontocom.com.br\/site\/wp-json\/wp\/v2\/posts"}],"about":[{"href":"https:\/\/mspontocom.com.br\/site\/wp-json\/wp\/v2\/types\/post"}],"author":[{"embeddable":true,"href":"https:\/\/mspontocom.com.br\/site\/wp-json\/wp\/v2\/users\/2"}],"replies":[{"embeddable":true,"href":"https:\/\/mspontocom.com.br\/site\/wp-json\/wp\/v2\/comments?post=163247"}],"version-history":[{"count":2,"href":"https:\/\/mspontocom.com.br\/site\/wp-json\/wp\/v2\/posts\/163247\/revisions"}],"predecessor-version":[{"id":163250,"href":"https:\/\/mspontocom.com.br\/site\/wp-json\/wp\/v2\/posts\/163247\/revisions\/163250"}],"wp:featuredmedia":[{"embeddable":true,"href":"https:\/\/mspontocom.com.br\/site\/wp-json\/wp\/v2\/media\/163249"}],"wp:attachment":[{"href":"https:\/\/mspontocom.com.br\/site\/wp-json\/wp\/v2\/media?parent=163247"}],"wp:term":[{"taxonomy":"category","embeddable":true,"href":"https:\/\/mspontocom.com.br\/site\/wp-json\/wp\/v2\/categories?post=163247"},{"taxonomy":"post_tag","embeddable":true,"href":"https:\/\/mspontocom.com.br\/site\/wp-json\/wp\/v2\/tags?post=163247"}],"curies":[{"name":"wp","href":"https:\/\/api.w.org\/{rel}","templated":true}]}}