{"id":163251,"date":"2021-09-02T05:55:23","date_gmt":"2021-09-02T09:55:23","guid":{"rendered":"https:\/\/mspontocom.com.br\/site\/?p=163251"},"modified":"2021-09-02T05:55:23","modified_gmt":"2021-09-02T09:55:23","slug":"bolsonaro-desafia-ministros-do-stf-a-participarem-de-manifestacoes-no-dia-7","status":"publish","type":"post","link":"https:\/\/mspontocom.com.br\/site\/bolsonaro-desafia-ministros-do-stf-a-participarem-de-manifestacoes-no-dia-7\/","title":{"rendered":"Bolsonaro desafia ministros do STF a participarem de manifesta\u00e7\u00f5es no dia 7"},"content":{"rendered":"<p style=\"text-align: justify;\"><img loading=\"lazy\" class=\"alignnone size-full wp-image-163252\" src=\"https:\/\/mspontocom.com.br\/site\/wp-content\/uploads\/2021\/09\/site-bolsonaro-desafia-ministros-do-stf-a-participarem-de-manifestacoes-no-dia-7-ministros-stf-tratados-internacionais-copy-e1630576472890.jpg\" alt=\"\" width=\"1197\" height=\"698\" srcset=\"https:\/\/mspontocom.com.br\/site\/wp-content\/uploads\/2021\/09\/site-bolsonaro-desafia-ministros-do-stf-a-participarem-de-manifestacoes-no-dia-7-ministros-stf-tratados-internacionais-copy-e1630576472890.jpg 1197w, https:\/\/mspontocom.com.br\/site\/wp-content\/uploads\/2021\/09\/site-bolsonaro-desafia-ministros-do-stf-a-participarem-de-manifestacoes-no-dia-7-ministros-stf-tratados-internacionais-copy-e1630576472890-260x152.jpg 260w, https:\/\/mspontocom.com.br\/site\/wp-content\/uploads\/2021\/09\/site-bolsonaro-desafia-ministros-do-stf-a-participarem-de-manifestacoes-no-dia-7-ministros-stf-tratados-internacionais-copy-e1630576472890-768x448.jpg 768w, https:\/\/mspontocom.com.br\/site\/wp-content\/uploads\/2021\/09\/site-bolsonaro-desafia-ministros-do-stf-a-participarem-de-manifestacoes-no-dia-7-ministros-stf-tratados-internacionais-copy-e1630576472890-1024x597.jpg 1024w\" sizes=\"(max-width: 1197px) 100vw, 1197px\" \/>O presidente Jair Bolsonaro afirmou, ontem, em Goi\u00e2nia, que, na Pra\u00e7a dos Tr\u00eas Poderes, &#8220;n\u00e3o somos tr\u00eas, somos dois. Executivo e Legislativo trabalham em harmonia&#8221;.<\/p>\n<p style=\"text-align: justify;\">Em nova demonstra\u00e7\u00e3o de que n\u00e3o digeriu o arquivamento do pedido de impeachment do ministro Alexandre de Moraes, do STF, pelo presidente do Senado, Rodrigo Pacheco (DEM-MG), disse que \u201cningu\u00e9m est\u00e1 acima da Constitui\u00e7\u00e3o\u201d<\/p>\n<p style=\"text-align: justify;\">Ele desafiou os ministros do Supremo a, no Sete de Setembro, comparecerem \u00e0s manifesta\u00e7\u00f5es e subirem ao carro de som para discursarem com ele. \u201cConvido qualquer um dos 11 ministros do STF a ocupar o carro de som e falar com o povo brasileiro\u201d, provocou.<\/p>\n","protected":false},"excerpt":{"rendered":"<p>O presidente Jair Bolsonaro afirmou, ontem, em Goi\u00e2nia, que, na Pra\u00e7a dos Tr\u00eas Poderes, &#8220;n\u00e3o somos tr\u00eas, somos dois. Executivo e Legislativo trabalham em harmonia&#8221;. Em nova demonstra\u00e7\u00e3o de que n\u00e3o digeriu o arquivamento do pedido de impeachment do ministro Alexandre de Moraes, do STF, pelo presidente do Senado, Rodrigo Pacheco (DEM-MG), disse que \u201cningu\u00e9m [&hellip;]<\/p>\n","protected":false},"author":2,"featured_media":163252,"comment_status":"open","ping_status":"open","sticky":false,"template":"","format":"standard","meta":{"_monsterinsights_skip_tracking":false,"_monsterinsights_sitenote_active":false,"_monsterinsights_sitenote_note":"","_monsterinsights_sitenote_category":0},"categories":[6,30260,30259],"tags":[],"aioseo_notices":[],"_links":{"self":[{"href":"https:\/\/mspontocom.com.br\/site\/wp-json\/wp\/v2\/posts\/163251"}],"collection":[{"href":"https:\/\/mspontocom.com.br\/site\/wp-json\/wp\/v2\/posts"}],"about":[{"href":"https:\/\/mspontocom.com.br\/site\/wp-json\/wp\/v2\/types\/post"}],"author":[{"embeddable":true,"href":"https:\/\/mspontocom.com.br\/site\/wp-json\/wp\/v2\/users\/2"}],"replies":[{"embeddable":true,"href":"https:\/\/mspontocom.com.br\/site\/wp-json\/wp\/v2\/comments?post=163251"}],"version-history":[{"count":1,"href":"https:\/\/mspontocom.com.br\/site\/wp-json\/wp\/v2\/posts\/163251\/revisions"}],"predecessor-version":[{"id":163253,"href":"https:\/\/mspontocom.com.br\/site\/wp-json\/wp\/v2\/posts\/163251\/revisions\/163253"}],"wp:featuredmedia":[{"embeddable":true,"href":"https:\/\/mspontocom.com.br\/site\/wp-json\/wp\/v2\/media\/163252"}],"wp:attachment":[{"href":"https:\/\/mspontocom.com.br\/site\/wp-json\/wp\/v2\/media?parent=163251"}],"wp:term":[{"taxonomy":"category","embeddable":true,"href":"https:\/\/mspontocom.com.br\/site\/wp-json\/wp\/v2\/categories?post=163251"},{"taxonomy":"post_tag","embeddable":true,"href":"https:\/\/mspontocom.com.br\/site\/wp-json\/wp\/v2\/tags?post=163251"}],"curies":[{"name":"wp","href":"https:\/\/api.w.org\/{rel}","templated":true}]}}