{"id":163258,"date":"2021-09-02T06:59:48","date_gmt":"2021-09-02T10:59:48","guid":{"rendered":"https:\/\/mspontocom.com.br\/site\/?p=163258"},"modified":"2021-09-02T06:59:48","modified_gmt":"2021-09-02T10:59:48","slug":"documentario-sobre-lula-segue-para-festivais-internacionais","status":"publish","type":"post","link":"https:\/\/mspontocom.com.br\/site\/documentario-sobre-lula-segue-para-festivais-internacionais\/","title":{"rendered":"Document\u00e1rio sobre Lula segue para festivais internacionais"},"content":{"rendered":"<p style=\"text-align: justify;\"><img loading=\"lazy\" class=\"alignnone size-full wp-image-163260\" src=\"https:\/\/mspontocom.com.br\/site\/wp-content\/uploads\/2021\/09\/site-documentario-sobre-lula-segue-para-festivais-internacionais-lula-cintizen-e1630580319341.jpg\" alt=\"\" width=\"766\" height=\"499\" srcset=\"https:\/\/mspontocom.com.br\/site\/wp-content\/uploads\/2021\/09\/site-documentario-sobre-lula-segue-para-festivais-internacionais-lula-cintizen-e1630580319341.jpg 766w, https:\/\/mspontocom.com.br\/site\/wp-content\/uploads\/2021\/09\/site-documentario-sobre-lula-segue-para-festivais-internacionais-lula-cintizen-e1630580319341-260x169.jpg 260w\" sizes=\"(max-width: 766px) 100vw, 766px\" \/>O document\u00e1rio \u201cLula L\u00e1: De Fora Para Dentro\u201d (Citizen Lula) segue o roteiro dos festivais internacionais.<\/p>\n<p style=\"text-align: justify;\">Depois de participar do Marina del Rey Film Festival, em Los Angeles, segue para mais tr\u00eas festivais: o Festival Internacional de Derechos Humanos de Sucre (Bol\u00edvia), de 30 de agosto a 5 de setembro, o Global Indie Film Fest (UK), on-line , em setembro, e o Seatle Latino Film Festival (EUA), de 8 a 17 de outubro.<\/p>\n<p dir=\"ltr\" style=\"text-align: justify;\"><strong><span id=\"m_-8767881874692850425gmail-docs-internal-guid-89053549-7fff-2f6e-4db3-845791bb928b\">Sobre o document\u00e1rio Lula \u201cLula L\u00e1: De Fora Para Dentro\u201d<\/span><\/strong><\/p>\n<p dir=\"ltr\" style=\"text-align: justify;\"><span id=\"m_-8767881874692850425gmail-docs-internal-guid-89053549-7fff-2f6e-4db3-845791bb928b\">Realizado de forma independente (contou apenas com um financiamento coletivo), conta a saga do ex-presidente, desde sua ascens\u00e3o ao Planalto, passando pelo momento da pris\u00e3o \u2013 a \u00faltima entrevista concedida antes de ser preso est\u00e1 no document\u00e1rio &#8211; , a elei\u00e7\u00e3o de 2018\u00a0 e chegando at\u00e9 a sa\u00edda da pris\u00e3o. <\/span><\/p>\n<p dir=\"ltr\" style=\"text-align: justify;\"><span id=\"m_-8767881874692850425gmail-docs-internal-guid-89053549-7fff-2f6e-4db3-845791bb928b\">O filme tem depoimentos exclusivos de personalidades como Dilma Rousseff, Leonardo Boff, Jean Wyllys, Benedita da Silva, Chico Alencar, Celso Amorim, Eduardo Suplicy, Ol\u00edvio Dutra, Tereza Cruvinel, Frei Chico, Jandira Feghali, Ariano Suassuna (1927-2014), Oscar Niemeyer (1907-2012), Chico C\u00e9sar, Otto, Armandinho, Luiz Carlos Barreto e Jess\u00e9 Souza (autor de \u201cA elite do atraso\u201d), al\u00e9m de jornalistas e an\u00f4nimos.<\/span><\/p>\n","protected":false},"excerpt":{"rendered":"<p>O document\u00e1rio \u201cLula L\u00e1: De Fora Para Dentro\u201d (Citizen Lula) segue o roteiro dos festivais internacionais. Depois de participar do Marina del Rey Film Festival, em Los Angeles, segue para mais tr\u00eas festivais: o Festival Internacional de Derechos Humanos de Sucre (Bol\u00edvia), de 30 de agosto a 5 de setembro, o Global Indie Film Fest [&hellip;]<\/p>\n","protected":false},"author":2,"featured_media":163260,"comment_status":"open","ping_status":"open","sticky":false,"template":"","format":"standard","meta":{"_monsterinsights_skip_tracking":false,"_monsterinsights_sitenote_active":false,"_monsterinsights_sitenote_note":"","_monsterinsights_sitenote_category":0},"categories":[6],"tags":[],"aioseo_notices":[],"_links":{"self":[{"href":"https:\/\/mspontocom.com.br\/site\/wp-json\/wp\/v2\/posts\/163258"}],"collection":[{"href":"https:\/\/mspontocom.com.br\/site\/wp-json\/wp\/v2\/posts"}],"about":[{"href":"https:\/\/mspontocom.com.br\/site\/wp-json\/wp\/v2\/types\/post"}],"author":[{"embeddable":true,"href":"https:\/\/mspontocom.com.br\/site\/wp-json\/wp\/v2\/users\/2"}],"replies":[{"embeddable":true,"href":"https:\/\/mspontocom.com.br\/site\/wp-json\/wp\/v2\/comments?post=163258"}],"version-history":[{"count":1,"href":"https:\/\/mspontocom.com.br\/site\/wp-json\/wp\/v2\/posts\/163258\/revisions"}],"predecessor-version":[{"id":163261,"href":"https:\/\/mspontocom.com.br\/site\/wp-json\/wp\/v2\/posts\/163258\/revisions\/163261"}],"wp:featuredmedia":[{"embeddable":true,"href":"https:\/\/mspontocom.com.br\/site\/wp-json\/wp\/v2\/media\/163260"}],"wp:attachment":[{"href":"https:\/\/mspontocom.com.br\/site\/wp-json\/wp\/v2\/media?parent=163258"}],"wp:term":[{"taxonomy":"category","embeddable":true,"href":"https:\/\/mspontocom.com.br\/site\/wp-json\/wp\/v2\/categories?post=163258"},{"taxonomy":"post_tag","embeddable":true,"href":"https:\/\/mspontocom.com.br\/site\/wp-json\/wp\/v2\/tags?post=163258"}],"curies":[{"name":"wp","href":"https:\/\/api.w.org\/{rel}","templated":true}]}}