{"id":163270,"date":"2021-09-04T07:12:54","date_gmt":"2021-09-04T11:12:54","guid":{"rendered":"https:\/\/mspontocom.com.br\/site\/?p=163270"},"modified":"2021-09-04T07:15:07","modified_gmt":"2021-09-04T11:15:07","slug":"veja-as-cidades-confirmadas-para-manifestacoes-de-7-de-setembro","status":"publish","type":"post","link":"https:\/\/mspontocom.com.br\/site\/veja-as-cidades-confirmadas-para-manifestacoes-de-7-de-setembro\/","title":{"rendered":"Veja as cidades confirmadas para manifesta\u00e7\u00f5es de 7 de Setembro"},"content":{"rendered":"<p style=\"text-align: justify;\"><img loading=\"lazy\" class=\"alignnone size-full wp-image-163290\" src=\"https:\/\/mspontocom.com.br\/site\/wp-content\/uploads\/2021\/09\/site-veja-as-cidades-confirmadas-para-manifestacoes-de-7-de-setembro-sete1-e1630660249864.jpg\" alt=\"\" width=\"915\" height=\"507\" \/>O movimento NasRuas divulgou as cidades que participar\u00e3o dos atos de apoio ao presidente Jair Bolsonaro no dia 7 de setembro.<\/p>\n<p style=\"text-align: justify;\">Cabe a cada munic\u00edpio definir hor\u00e1rio e local para as manifesta\u00e7\u00f5es.<\/p>\n<p style=\"text-align: justify;\">Nas tabelas abaixo temos a mobiliza\u00e7\u00e3o nos munic\u00edpios paulistas e outra para os munic\u00edpios de todo Brasil.<\/p>\n<p>&nbsp;<\/p>\n<p>&nbsp;<\/p>\n<p><img loading=\"lazy\" class=\"alignnone size-full wp-image-163273\" src=\"https:\/\/mspontocom.com.br\/site\/wp-content\/uploads\/2021\/09\/site-nas-ruas1.jpg\" alt=\"\" width=\"945\" height=\"1334\" srcset=\"https:\/\/mspontocom.com.br\/site\/wp-content\/uploads\/2021\/09\/site-nas-ruas1.jpg 945w, https:\/\/mspontocom.com.br\/site\/wp-content\/uploads\/2021\/09\/site-nas-ruas1-198x280.jpg 198w, https:\/\/mspontocom.com.br\/site\/wp-content\/uploads\/2021\/09\/site-nas-ruas1-768x1084.jpg 768w, https:\/\/mspontocom.com.br\/site\/wp-content\/uploads\/2021\/09\/site-nas-ruas1-725x1024.jpg 725w\" sizes=\"(max-width: 945px) 100vw, 945px\" \/><\/p>\n<p>&nbsp;<\/p>\n<p><img loading=\"lazy\" class=\"alignnone size-full wp-image-163272\" src=\"https:\/\/mspontocom.com.br\/site\/wp-content\/uploads\/2021\/09\/site-nas-ruas-1.jpg\" alt=\"\" width=\"1080\" height=\"1432\" srcset=\"https:\/\/mspontocom.com.br\/site\/wp-content\/uploads\/2021\/09\/site-nas-ruas-1.jpg 1080w, https:\/\/mspontocom.com.br\/site\/wp-content\/uploads\/2021\/09\/site-nas-ruas-1-211x280.jpg 211w, https:\/\/mspontocom.com.br\/site\/wp-content\/uploads\/2021\/09\/site-nas-ruas-1-768x1018.jpg 768w, https:\/\/mspontocom.com.br\/site\/wp-content\/uploads\/2021\/09\/site-nas-ruas-1-772x1024.jpg 772w\" sizes=\"(max-width: 1080px) 100vw, 1080px\" \/><\/p>\n","protected":false},"excerpt":{"rendered":"<p>O movimento NasRuas divulgou as cidades que participar\u00e3o dos atos de apoio ao presidente Jair Bolsonaro no dia 7 de setembro. Cabe a cada munic\u00edpio definir hor\u00e1rio e local para as manifesta\u00e7\u00f5es. Nas tabelas abaixo temos a mobiliza\u00e7\u00e3o nos munic\u00edpios paulistas e outra para os munic\u00edpios de todo Brasil. &nbsp; &nbsp; &nbsp;<\/p>\n","protected":false},"author":2,"featured_media":163290,"comment_status":"open","ping_status":"open","sticky":false,"template":"","format":"standard","meta":{"_monsterinsights_skip_tracking":false,"_monsterinsights_sitenote_active":false,"_monsterinsights_sitenote_note":"","_monsterinsights_sitenote_category":0},"categories":[6,30260,30259],"tags":[],"aioseo_notices":[],"_links":{"self":[{"href":"https:\/\/mspontocom.com.br\/site\/wp-json\/wp\/v2\/posts\/163270"}],"collection":[{"href":"https:\/\/mspontocom.com.br\/site\/wp-json\/wp\/v2\/posts"}],"about":[{"href":"https:\/\/mspontocom.com.br\/site\/wp-json\/wp\/v2\/types\/post"}],"author":[{"embeddable":true,"href":"https:\/\/mspontocom.com.br\/site\/wp-json\/wp\/v2\/users\/2"}],"replies":[{"embeddable":true,"href":"https:\/\/mspontocom.com.br\/site\/wp-json\/wp\/v2\/comments?post=163270"}],"version-history":[{"count":2,"href":"https:\/\/mspontocom.com.br\/site\/wp-json\/wp\/v2\/posts\/163270\/revisions"}],"predecessor-version":[{"id":163291,"href":"https:\/\/mspontocom.com.br\/site\/wp-json\/wp\/v2\/posts\/163270\/revisions\/163291"}],"wp:featuredmedia":[{"embeddable":true,"href":"https:\/\/mspontocom.com.br\/site\/wp-json\/wp\/v2\/media\/163290"}],"wp:attachment":[{"href":"https:\/\/mspontocom.com.br\/site\/wp-json\/wp\/v2\/media?parent=163270"}],"wp:term":[{"taxonomy":"category","embeddable":true,"href":"https:\/\/mspontocom.com.br\/site\/wp-json\/wp\/v2\/categories?post=163270"},{"taxonomy":"post_tag","embeddable":true,"href":"https:\/\/mspontocom.com.br\/site\/wp-json\/wp\/v2\/tags?post=163270"}],"curies":[{"name":"wp","href":"https:\/\/api.w.org\/{rel}","templated":true}]}}