{"id":163329,"date":"2021-09-04T06:19:47","date_gmt":"2021-09-04T10:19:47","guid":{"rendered":"https:\/\/mspontocom.com.br\/site\/?p=163329"},"modified":"2021-09-04T08:13:25","modified_gmt":"2021-09-04T12:13:25","slug":"bem-democratico-moraes-manda-prender-jornalista-pro-bolsonaro","status":"publish","type":"post","link":"https:\/\/mspontocom.com.br\/site\/bem-democratico-moraes-manda-prender-jornalista-pro-bolsonaro\/","title":{"rendered":"&#8220;Bem democr\u00e1tico&#8221;, Moraes manda prender jornalista pr\u00f3-Bolsonaro"},"content":{"rendered":"<p style=\"text-align: justify;\"><img loading=\"lazy\" class=\"alignnone size-full wp-image-163331\" src=\"https:\/\/mspontocom.com.br\/site\/wp-content\/uploads\/2021\/09\/site-bem-democratico-moraes-manda-prender-jornalista-pro-bolsonaro-ale-e1630750708566.jpg\" alt=\"\" width=\"636\" height=\"356\" srcset=\"https:\/\/mspontocom.com.br\/site\/wp-content\/uploads\/2021\/09\/site-bem-democratico-moraes-manda-prender-jornalista-pro-bolsonaro-ale-e1630750708566.jpg 636w, https:\/\/mspontocom.com.br\/site\/wp-content\/uploads\/2021\/09\/site-bem-democratico-moraes-manda-prender-jornalista-pro-bolsonaro-ale-e1630750708566-260x146.jpg 260w\" sizes=\"(max-width: 636px) 100vw, 636px\" \/><\/p>\n<p style=\"text-align: justify;\">O ministro Alexandre de Moraes, do Supremo Tribunal Federal (STF), mandou prender preventivamente , a pedido da Procuradoria-Geral da Rep\u00fablica (PGR), o jornalista Wellington Macedo.<\/p>\n<p style=\"text-align: justify;\">Macedo \u00e9 conhecido pelas posi\u00e7\u00f5es conservadoras e pelo apoio ao presidente da Rep\u00fablica, Jair Bolsonaro, e \u00e9 um dos investigados no inqu\u00e9rito que investiga articula\u00e7\u00e3o de atos antidemocr\u00e1ticos.<\/p>\n<p style=\"text-align: justify;\">Macedo estava proibido de se aproximar a menos de um quil\u00f4metro da Pra\u00e7a dos Tr\u00eas Poderes, mas, segundo noticiado pela imprensa, ele divulgou v\u00eddeos convocando as pessoas para se manifestarem no 7 de Setembro com pedido de deposi\u00e7\u00e3o de ministros do STF.<\/p>\n<p style=\"text-align: justify;\">O mandado de pris\u00e3o foi cumprido pela Pol\u00edcia Federal (PF) em um hotel da capital federal.<\/p>\n","protected":false},"excerpt":{"rendered":"<p>O ministro Alexandre de Moraes, do Supremo Tribunal Federal (STF), mandou prender preventivamente , a pedido da Procuradoria-Geral da Rep\u00fablica (PGR), o jornalista Wellington Macedo. Macedo \u00e9 conhecido pelas posi\u00e7\u00f5es conservadoras e pelo apoio ao presidente da Rep\u00fablica, Jair Bolsonaro, e \u00e9 um dos investigados no inqu\u00e9rito que investiga articula\u00e7\u00e3o de atos antidemocr\u00e1ticos. Macedo estava [&hellip;]<\/p>\n","protected":false},"author":2,"featured_media":163331,"comment_status":"open","ping_status":"open","sticky":false,"template":"","format":"standard","meta":{"_monsterinsights_skip_tracking":false,"_monsterinsights_sitenote_active":false,"_monsterinsights_sitenote_note":"","_monsterinsights_sitenote_category":0},"categories":[6],"tags":[],"aioseo_notices":[],"_links":{"self":[{"href":"https:\/\/mspontocom.com.br\/site\/wp-json\/wp\/v2\/posts\/163329"}],"collection":[{"href":"https:\/\/mspontocom.com.br\/site\/wp-json\/wp\/v2\/posts"}],"about":[{"href":"https:\/\/mspontocom.com.br\/site\/wp-json\/wp\/v2\/types\/post"}],"author":[{"embeddable":true,"href":"https:\/\/mspontocom.com.br\/site\/wp-json\/wp\/v2\/users\/2"}],"replies":[{"embeddable":true,"href":"https:\/\/mspontocom.com.br\/site\/wp-json\/wp\/v2\/comments?post=163329"}],"version-history":[{"count":1,"href":"https:\/\/mspontocom.com.br\/site\/wp-json\/wp\/v2\/posts\/163329\/revisions"}],"predecessor-version":[{"id":163332,"href":"https:\/\/mspontocom.com.br\/site\/wp-json\/wp\/v2\/posts\/163329\/revisions\/163332"}],"wp:featuredmedia":[{"embeddable":true,"href":"https:\/\/mspontocom.com.br\/site\/wp-json\/wp\/v2\/media\/163331"}],"wp:attachment":[{"href":"https:\/\/mspontocom.com.br\/site\/wp-json\/wp\/v2\/media?parent=163329"}],"wp:term":[{"taxonomy":"category","embeddable":true,"href":"https:\/\/mspontocom.com.br\/site\/wp-json\/wp\/v2\/categories?post=163329"},{"taxonomy":"post_tag","embeddable":true,"href":"https:\/\/mspontocom.com.br\/site\/wp-json\/wp\/v2\/tags?post=163329"}],"curies":[{"name":"wp","href":"https:\/\/api.w.org\/{rel}","templated":true}]}}