{"id":163338,"date":"2021-09-04T07:08:36","date_gmt":"2021-09-04T11:08:36","guid":{"rendered":"https:\/\/mspontocom.com.br\/site\/?p=163338"},"modified":"2021-09-04T07:08:36","modified_gmt":"2021-09-04T11:08:36","slug":"brasil-vai-conceder-visto-humanitario-a-afegaos","status":"publish","type":"post","link":"https:\/\/mspontocom.com.br\/site\/brasil-vai-conceder-visto-humanitario-a-afegaos\/","title":{"rendered":"Brasil vai conceder visto humanit\u00e1rio a afeg\u00e3os"},"content":{"rendered":"<p style=\"text-align: justify;\"><img loading=\"lazy\" class=\"alignnone size-full wp-image-163339\" src=\"https:\/\/mspontocom.com.br\/site\/wp-content\/uploads\/2021\/09\/site-brasil-vai-conceder-visto-humanitario-a-afegaos-afeg-e1630753621455.jpeg\" alt=\"\" width=\"819\" height=\"521\" srcset=\"https:\/\/mspontocom.com.br\/site\/wp-content\/uploads\/2021\/09\/site-brasil-vai-conceder-visto-humanitario-a-afegaos-afeg-e1630753621455.jpeg 819w, https:\/\/mspontocom.com.br\/site\/wp-content\/uploads\/2021\/09\/site-brasil-vai-conceder-visto-humanitario-a-afegaos-afeg-e1630753621455-260x165.jpeg 260w, https:\/\/mspontocom.com.br\/site\/wp-content\/uploads\/2021\/09\/site-brasil-vai-conceder-visto-humanitario-a-afegaos-afeg-e1630753621455-768x489.jpeg 768w\" sizes=\"(max-width: 819px) 100vw, 819px\" \/>O Minist\u00e9rio de Rela\u00e7\u00f5es Exteriores anunciou, nessa 6\u00aa feira (3.set.2021), que conceder\u00e1 visto humanit\u00e1rio a cidad\u00e3os do Afeganist\u00e3o que queiram deixar o pa\u00eds.<\/p>\n<p style=\"text-align: justify;\">Segundo o Itamaraty, a medida visa oferecer prote\u00e7\u00e3o a pessoas em situa\u00e7\u00e3o de risco, \u201creafirmando o compromisso brasileiro com o respeito aos direitos humanos e com a solidariedade internacional\u201d.<\/p>\n<p>De acordo com o governo brasileiro, ter\u00e3o prioridade \u201cas solicita\u00e7\u00f5es de mulheres, crian\u00e7as, idosos, pessoas com defici\u00eancia e seus grupos familiares\u201d.<\/p>\n<p style=\"text-align: justify;\">Como o Brasil n\u00e3o tem embaixada ou consulado no Afeganist\u00e3o, os vistos humanit\u00e1rios devem ser solicitados \u00e0s embaixadas em Islamabad, Teer\u00e3, Moscou, Ancara, Doha ou Abu Dhabi.<\/p>\n<p style=\"text-align: justify;\">\n<strong>Ju\u00edzas<\/strong><\/p>\n<p style=\"text-align: justify;\">Cerca de 270 ju\u00edzas afeg\u00e3s pediram asilo humanit\u00e1rio ao governo brasileiro e um avi\u00e3o para traz\u00ea-las ao pa\u00eds.<\/p>\n<p style=\"text-align: justify;\">Cem membros da associa\u00e7\u00e3o de magistrados do Afeganist\u00e3o enviaram uma carta \u00e0 AMB (Associa\u00e7\u00e3o de Magistrados do Brasil) dizendo que foram avisadas que as suas vidas est\u00e3o em risco.<\/p>\n<p style=\"text-align: justify;\">A AMB se prontificou a ajudar e afirma que o plano de retirada est\u00e1 pronto para ser executado, mas aguarda libera\u00e7\u00e3o dos vistos.<\/p>\n<p style=\"text-align: justify;\">Outro grupo de 400 afeg\u00e3os pediu que fosse recebido no Brasil temporariamente. Eles tamb\u00e9m aguardam a emiss\u00e3o dos vistos.<\/p>\n<p style=\"text-align: justify;\">\n<p>fonte: Poder 360<\/p>\n","protected":false},"excerpt":{"rendered":"<p>O Minist\u00e9rio de Rela\u00e7\u00f5es Exteriores anunciou, nessa 6\u00aa feira (3.set.2021), que conceder\u00e1 visto humanit\u00e1rio a cidad\u00e3os do Afeganist\u00e3o que queiram deixar o pa\u00eds. Segundo o Itamaraty, a medida visa oferecer prote\u00e7\u00e3o a pessoas em situa\u00e7\u00e3o de risco, \u201creafirmando o compromisso brasileiro com o respeito aos direitos humanos e com a solidariedade internacional\u201d. De acordo com [&hellip;]<\/p>\n","protected":false},"author":2,"featured_media":163339,"comment_status":"open","ping_status":"open","sticky":false,"template":"","format":"standard","meta":{"_monsterinsights_skip_tracking":false,"_monsterinsights_sitenote_active":false,"_monsterinsights_sitenote_note":"","_monsterinsights_sitenote_category":0},"categories":[7],"tags":[],"aioseo_notices":[],"_links":{"self":[{"href":"https:\/\/mspontocom.com.br\/site\/wp-json\/wp\/v2\/posts\/163338"}],"collection":[{"href":"https:\/\/mspontocom.com.br\/site\/wp-json\/wp\/v2\/posts"}],"about":[{"href":"https:\/\/mspontocom.com.br\/site\/wp-json\/wp\/v2\/types\/post"}],"author":[{"embeddable":true,"href":"https:\/\/mspontocom.com.br\/site\/wp-json\/wp\/v2\/users\/2"}],"replies":[{"embeddable":true,"href":"https:\/\/mspontocom.com.br\/site\/wp-json\/wp\/v2\/comments?post=163338"}],"version-history":[{"count":1,"href":"https:\/\/mspontocom.com.br\/site\/wp-json\/wp\/v2\/posts\/163338\/revisions"}],"predecessor-version":[{"id":163340,"href":"https:\/\/mspontocom.com.br\/site\/wp-json\/wp\/v2\/posts\/163338\/revisions\/163340"}],"wp:featuredmedia":[{"embeddable":true,"href":"https:\/\/mspontocom.com.br\/site\/wp-json\/wp\/v2\/media\/163339"}],"wp:attachment":[{"href":"https:\/\/mspontocom.com.br\/site\/wp-json\/wp\/v2\/media?parent=163338"}],"wp:term":[{"taxonomy":"category","embeddable":true,"href":"https:\/\/mspontocom.com.br\/site\/wp-json\/wp\/v2\/categories?post=163338"},{"taxonomy":"post_tag","embeddable":true,"href":"https:\/\/mspontocom.com.br\/site\/wp-json\/wp\/v2\/tags?post=163338"}],"curies":[{"name":"wp","href":"https:\/\/api.w.org\/{rel}","templated":true}]}}