{"id":163353,"date":"2021-09-05T06:54:16","date_gmt":"2021-09-05T10:54:16","guid":{"rendered":"https:\/\/mspontocom.com.br\/site\/?p=163353"},"modified":"2021-09-05T06:54:16","modified_gmt":"2021-09-05T10:54:16","slug":"ze-trovao-convida-moraes-a-prende-lo-pessoalmente-na-av-paulista","status":"publish","type":"post","link":"https:\/\/mspontocom.com.br\/site\/ze-trovao-convida-moraes-a-prende-lo-pessoalmente-na-av-paulista\/","title":{"rendered":"Z\u00e9 Trov\u00e3o convida Moraes a prend\u00ea-lo pessoalmente na av. Paulista"},"content":{"rendered":"<p style=\"text-align: justify;\"><img loading=\"lazy\" class=\"alignnone size-full wp-image-163354\" src=\"https:\/\/mspontocom.com.br\/site\/wp-content\/uploads\/2021\/09\/site-ze-trovao-convida-moraes-a-prende-lo-pessoalmente-na-av-paulista-trovao-e1630839148825.jpg\" alt=\"\" width=\"780\" height=\"436\" srcset=\"https:\/\/mspontocom.com.br\/site\/wp-content\/uploads\/2021\/09\/site-ze-trovao-convida-moraes-a-prende-lo-pessoalmente-na-av-paulista-trovao-e1630839148825.jpg 780w, https:\/\/mspontocom.com.br\/site\/wp-content\/uploads\/2021\/09\/site-ze-trovao-convida-moraes-a-prende-lo-pessoalmente-na-av-paulista-trovao-e1630839148825-260x145.jpg 260w, https:\/\/mspontocom.com.br\/site\/wp-content\/uploads\/2021\/09\/site-ze-trovao-convida-moraes-a-prende-lo-pessoalmente-na-av-paulista-trovao-e1630839148825-768x429.jpg 768w\" sizes=\"(max-width: 780px) 100vw, 780px\" \/>Alvo de uma ordem de pris\u00e3o\u00a0ap\u00f3s convocar \u201catos de protesto\u201d para o 7 de Setembro, o caminhoneiro Marcos Ant\u00f4nio Pereira Gomes \u2013 conhecido como <strong>Z\u00e9 Trov\u00e3o<\/strong>\u00a0\u2013 publicou um v\u00eddeo em suas redes sociais\u00a0 no qual diz que estar\u00e1 na Avenida Paulista durante a manifesta\u00e7\u00e3o programada para o feriado.<\/p>\n<p style=\"text-align: justify;\">Ele ainda manda uma mensagem para o ministro do Supremo Tribunal Federal (STF) <strong>Alexandre de Moraes,<\/strong> que expediu o pedido de pris\u00e3o contra ele, e sugere: <span style=\"color: #ff0000;\"><strong>\u201cque tal voc\u00ea mesmo vir \u00e0 Paulista no dia 7 de setembro e me prender?\u201d<\/strong><\/span><\/p>\n<p style=\"text-align: justify;\">No v\u00eddeo, ele ainda argumenta que a pris\u00e3o n\u00e3o teria base legal. \u201cHoje \u00e9 dia 4 de setembro de 2021, a Pol\u00edcia Federal at\u00e9 o momento n\u00e3o cumpriu o mandado de pris\u00e3o expedido pelo Alexandre de Moraes \u00e0 minha pessoa, porque ordens ilegais n\u00e3o se cumprem\u201d, diz o caminhoneiro para, em seguida, fazer o \u201cconvite\u201d.<\/p>\n<p style=\"text-align: justify;\">A ordem de pris\u00e3o contra o caminhoneiro foi expedida nesta sexta, 3, no \u00e2mbito de um inqu\u00e9rito aberto para investigar a organiza\u00e7\u00e3o de manifesta\u00e7\u00f5es\u00a0 no feriado.<\/p>\n","protected":false},"excerpt":{"rendered":"<p>Alvo de uma ordem de pris\u00e3o\u00a0ap\u00f3s convocar \u201catos de protesto\u201d para o 7 de Setembro, o caminhoneiro Marcos Ant\u00f4nio Pereira Gomes \u2013 conhecido como Z\u00e9 Trov\u00e3o\u00a0\u2013 publicou um v\u00eddeo em suas redes sociais\u00a0 no qual diz que estar\u00e1 na Avenida Paulista durante a manifesta\u00e7\u00e3o programada para o feriado. Ele ainda manda uma mensagem para o [&hellip;]<\/p>\n","protected":false},"author":2,"featured_media":163354,"comment_status":"open","ping_status":"open","sticky":false,"template":"","format":"standard","meta":{"_monsterinsights_skip_tracking":false,"_monsterinsights_sitenote_active":false,"_monsterinsights_sitenote_note":"","_monsterinsights_sitenote_category":0},"categories":[6,30260,30259],"tags":[],"aioseo_notices":[],"_links":{"self":[{"href":"https:\/\/mspontocom.com.br\/site\/wp-json\/wp\/v2\/posts\/163353"}],"collection":[{"href":"https:\/\/mspontocom.com.br\/site\/wp-json\/wp\/v2\/posts"}],"about":[{"href":"https:\/\/mspontocom.com.br\/site\/wp-json\/wp\/v2\/types\/post"}],"author":[{"embeddable":true,"href":"https:\/\/mspontocom.com.br\/site\/wp-json\/wp\/v2\/users\/2"}],"replies":[{"embeddable":true,"href":"https:\/\/mspontocom.com.br\/site\/wp-json\/wp\/v2\/comments?post=163353"}],"version-history":[{"count":1,"href":"https:\/\/mspontocom.com.br\/site\/wp-json\/wp\/v2\/posts\/163353\/revisions"}],"predecessor-version":[{"id":163355,"href":"https:\/\/mspontocom.com.br\/site\/wp-json\/wp\/v2\/posts\/163353\/revisions\/163355"}],"wp:featuredmedia":[{"embeddable":true,"href":"https:\/\/mspontocom.com.br\/site\/wp-json\/wp\/v2\/media\/163354"}],"wp:attachment":[{"href":"https:\/\/mspontocom.com.br\/site\/wp-json\/wp\/v2\/media?parent=163353"}],"wp:term":[{"taxonomy":"category","embeddable":true,"href":"https:\/\/mspontocom.com.br\/site\/wp-json\/wp\/v2\/categories?post=163353"},{"taxonomy":"post_tag","embeddable":true,"href":"https:\/\/mspontocom.com.br\/site\/wp-json\/wp\/v2\/tags?post=163353"}],"curies":[{"name":"wp","href":"https:\/\/api.w.org\/{rel}","templated":true}]}}