{"id":163367,"date":"2021-09-06T06:56:07","date_gmt":"2021-09-06T10:56:07","guid":{"rendered":"https:\/\/mspontocom.com.br\/site\/?p=163367"},"modified":"2021-09-06T07:19:13","modified_gmt":"2021-09-06T11:19:13","slug":"chamados-para-7-de-setembro-exaltam-bolsonaro-e-evitam-ataques-pessoais","status":"publish","type":"post","link":"https:\/\/mspontocom.com.br\/site\/chamados-para-7-de-setembro-exaltam-bolsonaro-e-evitam-ataques-pessoais\/","title":{"rendered":"Chamados para 7 de setembro exaltam Bolsonaro e evitam ataques pessoais"},"content":{"rendered":"<p style=\"text-align: justify;\"><img loading=\"lazy\" class=\"alignnone size-full wp-image-163290\" src=\"https:\/\/mspontocom.com.br\/site\/wp-content\/uploads\/2021\/09\/site-veja-as-cidades-confirmadas-para-manifestacoes-de-7-de-setembro-sete1-e1630925700351.jpg\" alt=\"\" width=\"898\" height=\"466\" srcset=\"https:\/\/mspontocom.com.br\/site\/wp-content\/uploads\/2021\/09\/site-veja-as-cidades-confirmadas-para-manifestacoes-de-7-de-setembro-sete1-e1630925700351.jpg 898w, https:\/\/mspontocom.com.br\/site\/wp-content\/uploads\/2021\/09\/site-veja-as-cidades-confirmadas-para-manifestacoes-de-7-de-setembro-sete1-e1630925700351-260x135.jpg 260w, https:\/\/mspontocom.com.br\/site\/wp-content\/uploads\/2021\/09\/site-veja-as-cidades-confirmadas-para-manifestacoes-de-7-de-setembro-sete1-e1630925700351-768x399.jpg 768w\" sizes=\"(max-width: 898px) 100vw, 898px\" \/>\u00c0s v\u00e9speras do feriado de 7 de setembro, apoiadores do presidente Jair Bolsonaro faziam um esfor\u00e7o final de mobiliza\u00e7\u00e3o para levar p\u00fablico \u00e0s manifesta\u00e7\u00f5es.<\/p>\n<p style=\"text-align: justify;\">Al\u00e9m de atos programados para as maiores cidades do pa\u00eds amanh\u00e3, os bolsonaristas formam caravanas para dois grandes protestos, em Bras\u00edlia e S\u00e3o Paulo.<\/p>\n<p style=\"text-align: justify;\">A intensidade das convoca\u00e7\u00f5es, no entanto, n\u00e3o tem sido acompanhada por beliger\u00e2ncia no discurso.<\/p>\n<p style=\"text-align: justify;\">\u00a0Embora exaltem a figura do presidente, p\u00e1ginas e grupos na internet t\u00eam evitado ataques diretos a desafetos de Bolsonaro, como os ministros Alexandre de Moraes e Lu\u00eds Roberto Barroso, do STF.<\/p>\n<p style=\"text-align: justify;\">Ao longo da \u00faltima semana, o UOL examinou imagens e textos feitos por lideran\u00e7as bolsonaristas em dez p\u00e1ginas ou grupos de Facebook, com n\u00famero de seguidores entre 50 mil e 2,5 milh\u00f5es.<\/p>\n<p style=\"text-align: justify;\">As convoca\u00e7\u00f5es, em geral, t\u00eam ostentado lemas gen\u00e9ricos como &#8220;Supremo \u00e9 o povo&#8221;, &#8220;Pela nossa liberdade&#8221; e &#8220;Por uma nova independ\u00eancia&#8221;.<\/p>\n<p style=\"text-align: justify;\">Os dois maiores grupos de Facebook analisados foram o Movimento Avan\u00e7a Brasil (2,47 milh\u00f5es de seguidores) e o Nas Ruas (1,08 milh\u00e3o).<\/p>\n<p style=\"text-align: justify;\">Da \u00faltima segunda-feira, dia 30, as duas p\u00e1ginas juntas fizeram mais de 30 publica\u00e7\u00f5es em texto, imagem ou v\u00eddeo com chamados para as manifesta\u00e7\u00f5es. Nenhum deles pedia diretamente a destitui\u00e7\u00e3o de Moraes, Barroso ou de qualquer outro ministro.<\/p>\n","protected":false},"excerpt":{"rendered":"<p>\u00c0s v\u00e9speras do feriado de 7 de setembro, apoiadores do presidente Jair Bolsonaro faziam um esfor\u00e7o final de mobiliza\u00e7\u00e3o para levar p\u00fablico \u00e0s manifesta\u00e7\u00f5es. Al\u00e9m de atos programados para as maiores cidades do pa\u00eds amanh\u00e3, os bolsonaristas formam caravanas para dois grandes protestos, em Bras\u00edlia e S\u00e3o Paulo. A intensidade das convoca\u00e7\u00f5es, no entanto, n\u00e3o [&hellip;]<\/p>\n","protected":false},"author":2,"featured_media":163290,"comment_status":"open","ping_status":"open","sticky":false,"template":"","format":"standard","meta":{"_monsterinsights_skip_tracking":false,"_monsterinsights_sitenote_active":false,"_monsterinsights_sitenote_note":"","_monsterinsights_sitenote_category":0},"categories":[6,30260,30259],"tags":[],"aioseo_notices":[],"_links":{"self":[{"href":"https:\/\/mspontocom.com.br\/site\/wp-json\/wp\/v2\/posts\/163367"}],"collection":[{"href":"https:\/\/mspontocom.com.br\/site\/wp-json\/wp\/v2\/posts"}],"about":[{"href":"https:\/\/mspontocom.com.br\/site\/wp-json\/wp\/v2\/types\/post"}],"author":[{"embeddable":true,"href":"https:\/\/mspontocom.com.br\/site\/wp-json\/wp\/v2\/users\/2"}],"replies":[{"embeddable":true,"href":"https:\/\/mspontocom.com.br\/site\/wp-json\/wp\/v2\/comments?post=163367"}],"version-history":[{"count":3,"href":"https:\/\/mspontocom.com.br\/site\/wp-json\/wp\/v2\/posts\/163367\/revisions"}],"predecessor-version":[{"id":163380,"href":"https:\/\/mspontocom.com.br\/site\/wp-json\/wp\/v2\/posts\/163367\/revisions\/163380"}],"wp:featuredmedia":[{"embeddable":true,"href":"https:\/\/mspontocom.com.br\/site\/wp-json\/wp\/v2\/media\/163290"}],"wp:attachment":[{"href":"https:\/\/mspontocom.com.br\/site\/wp-json\/wp\/v2\/media?parent=163367"}],"wp:term":[{"taxonomy":"category","embeddable":true,"href":"https:\/\/mspontocom.com.br\/site\/wp-json\/wp\/v2\/categories?post=163367"},{"taxonomy":"post_tag","embeddable":true,"href":"https:\/\/mspontocom.com.br\/site\/wp-json\/wp\/v2\/tags?post=163367"}],"curies":[{"name":"wp","href":"https:\/\/api.w.org\/{rel}","templated":true}]}}