{"id":163382,"date":"2021-09-06T07:39:10","date_gmt":"2021-09-06T11:39:10","guid":{"rendered":"https:\/\/mspontocom.com.br\/site\/?p=163382"},"modified":"2021-09-06T07:39:10","modified_gmt":"2021-09-06T11:39:10","slug":"btg-pactual-abre-vagas-para-estagio-e-trainee","status":"publish","type":"post","link":"https:\/\/mspontocom.com.br\/site\/btg-pactual-abre-vagas-para-estagio-e-trainee\/","title":{"rendered":"BTG Pactual abre vagas para est\u00e1gio e trainee"},"content":{"rendered":"<p style=\"text-align: justify;\"><img loading=\"lazy\" class=\"alignnone size-full wp-image-163383\" src=\"https:\/\/mspontocom.com.br\/site\/wp-content\/uploads\/2021\/09\/site-btg-pactual-abre-vagas-para-estagio-e-trainee-btg-pactual-1-e1630928285447.jpg\" alt=\"\" width=\"747\" height=\"522\" srcset=\"https:\/\/mspontocom.com.br\/site\/wp-content\/uploads\/2021\/09\/site-btg-pactual-abre-vagas-para-estagio-e-trainee-btg-pactual-1-e1630928285447.jpg 747w, https:\/\/mspontocom.com.br\/site\/wp-content\/uploads\/2021\/09\/site-btg-pactual-abre-vagas-para-estagio-e-trainee-btg-pactual-1-e1630928285447-260x182.jpg 260w\" sizes=\"(max-width: 747px) 100vw, 747px\" \/>O\u00a0<strong>BTG Pactual<\/strong>\u00a0est\u00e1 com inscri\u00e7\u00f5es abertas para seus programas de est\u00e1gio e trainees, destinados aos estudantes do ensino superior de diversas \u00e1reas e tamb\u00e9m aos profissionais rec\u00e9m-formados.<\/p>\n<p style=\"text-align: justify;\"><strong>Est\u00e1gio<\/strong><\/p>\n<p style=\"text-align: justify;\">Est\u00e1 com inscri\u00e7\u00f5es abertas at\u00e9 12 de setembro. Dividido em tr\u00eas programas: est\u00e1gio regular; est\u00e1gio de f\u00e9rias e Summer Tech, as oportunidades s\u00e3o para atuar nas mais diversas \u00e1reas do banco.<\/p>\n<p style=\"text-align: justify;\">As inscri\u00e7\u00f5es devem ser efetuadas no site:\u00a0<a href=\"https:\/\/jobs.kenoby.com\/estagiobtg\" target=\"_blank\" rel=\"noopener\">https:\/\/jobs.kenoby.com\/estagiobtg<\/a>.<\/p>\n<p style=\"text-align: justify;\"><strong>Trainee<\/strong><\/p>\n<p style=\"text-align: justify;\">O banco tamb\u00e9m est\u00e1 com vagas abertas para o Gera\u00e7\u00e3o BTG\u00a0e Gera\u00e7\u00e3o Tech BTG, para rec\u00e9m formados que desejem iniciar a carreira no banco. O primeiro \u00e9 voltado para atua\u00e7\u00e3o em diversas \u00e1reas do banco e, o segundo, voltado para temas mais relacionados \u00e0 tecnologia e inova\u00e7\u00e3o.<\/p>\n<p style=\"text-align: justify;\">Para participar do processo seletivo, \u00e9 necess\u00e1rio atender aos seguintes pr\u00e9-requisitos: forma\u00e7\u00e3o entre junho de 2018 e dezembro de 2021 e \u00e9 desej\u00e1vel ingl\u00eas fluente.<\/p>\n<p style=\"text-align: justify;\">Os interessados devem efetuar a inscri\u00e7\u00e3o no link:\u00a0<a href=\"https:\/\/jobs.kenoby.com\/geracaobtg\" target=\"_blank\" rel=\"noopener\">https:\/\/jobs.kenoby.com\/geracaobtg<\/a>.<\/p>\n","protected":false},"excerpt":{"rendered":"<p>O\u00a0BTG Pactual\u00a0est\u00e1 com inscri\u00e7\u00f5es abertas para seus programas de est\u00e1gio e trainees, destinados aos estudantes do ensino superior de diversas \u00e1reas e tamb\u00e9m aos profissionais rec\u00e9m-formados. Est\u00e1gio Est\u00e1 com inscri\u00e7\u00f5es abertas at\u00e9 12 de setembro. Dividido em tr\u00eas programas: est\u00e1gio regular; est\u00e1gio de f\u00e9rias e Summer Tech, as oportunidades s\u00e3o para atuar nas mais diversas [&hellip;]<\/p>\n","protected":false},"author":2,"featured_media":163383,"comment_status":"open","ping_status":"open","sticky":false,"template":"","format":"standard","meta":{"_monsterinsights_skip_tracking":false,"_monsterinsights_sitenote_active":false,"_monsterinsights_sitenote_note":"","_monsterinsights_sitenote_category":0},"categories":[28176],"tags":[],"aioseo_notices":[],"_links":{"self":[{"href":"https:\/\/mspontocom.com.br\/site\/wp-json\/wp\/v2\/posts\/163382"}],"collection":[{"href":"https:\/\/mspontocom.com.br\/site\/wp-json\/wp\/v2\/posts"}],"about":[{"href":"https:\/\/mspontocom.com.br\/site\/wp-json\/wp\/v2\/types\/post"}],"author":[{"embeddable":true,"href":"https:\/\/mspontocom.com.br\/site\/wp-json\/wp\/v2\/users\/2"}],"replies":[{"embeddable":true,"href":"https:\/\/mspontocom.com.br\/site\/wp-json\/wp\/v2\/comments?post=163382"}],"version-history":[{"count":1,"href":"https:\/\/mspontocom.com.br\/site\/wp-json\/wp\/v2\/posts\/163382\/revisions"}],"predecessor-version":[{"id":163384,"href":"https:\/\/mspontocom.com.br\/site\/wp-json\/wp\/v2\/posts\/163382\/revisions\/163384"}],"wp:featuredmedia":[{"embeddable":true,"href":"https:\/\/mspontocom.com.br\/site\/wp-json\/wp\/v2\/media\/163383"}],"wp:attachment":[{"href":"https:\/\/mspontocom.com.br\/site\/wp-json\/wp\/v2\/media?parent=163382"}],"wp:term":[{"taxonomy":"category","embeddable":true,"href":"https:\/\/mspontocom.com.br\/site\/wp-json\/wp\/v2\/categories?post=163382"},{"taxonomy":"post_tag","embeddable":true,"href":"https:\/\/mspontocom.com.br\/site\/wp-json\/wp\/v2\/tags?post=163382"}],"curies":[{"name":"wp","href":"https:\/\/api.w.org\/{rel}","templated":true}]}}