{"id":163398,"date":"2021-09-08T12:53:39","date_gmt":"2021-09-08T16:53:39","guid":{"rendered":"https:\/\/mspontocom.com.br\/site\/?p=163398"},"modified":"2021-09-08T08:22:12","modified_gmt":"2021-09-08T12:22:12","slug":"magalu-ibm-itau-carrefour-e-outras-empresas-oferecem-4-500-vagas-para-pcd","status":"publish","type":"post","link":"https:\/\/mspontocom.com.br\/site\/magalu-ibm-itau-carrefour-e-outras-empresas-oferecem-4-500-vagas-para-pcd\/","title":{"rendered":"Magalu, IBM, Ita\u00fa, Carrefour e outras empresas oferecem 4.500 vagas para PCD"},"content":{"rendered":"<p style=\"text-align: justify;\"><img loading=\"lazy\" class=\"alignnone size-full wp-image-163429\" src=\"https:\/\/mspontocom.com.br\/site\/wp-content\/uploads\/2021\/09\/site-magalu-ibm-itau-carrefour-e-outras-empresas-oferecem-4-500-vagas-para-pcd-pcd.png\" alt=\"\" width=\"494\" height=\"298\" srcset=\"https:\/\/mspontocom.com.br\/site\/wp-content\/uploads\/2021\/09\/site-magalu-ibm-itau-carrefour-e-outras-empresas-oferecem-4-500-vagas-para-pcd-pcd.png 494w, https:\/\/mspontocom.com.br\/site\/wp-content\/uploads\/2021\/09\/site-magalu-ibm-itau-carrefour-e-outras-empresas-oferecem-4-500-vagas-para-pcd-pcd-260x157.png 260w\" sizes=\"(max-width: 494px) 100vw, 494px\" \/><\/p>\n<p style=\"text-align: justify;\">A\u00a0<strong>2\u00aa Edi\u00e7\u00e3o da Inclui PcD<\/strong>, feira de empregabilidade para pessoas com defici\u00eancia ser\u00e1 realizada de 20 a 24 de setembro, com mais de 4.500 vagas de empregos, em diversas empresas, incluindo Magalu, IBM, Mercado Livre, Americanas, Grupo Big e Carrefour.<\/p>\n<p style=\"text-align: justify;\">O evento ser\u00e1 gratuito e em homenagem ao Dia Nacional da Luta da Pessoa com Defici\u00eancia, comemorado em 21 de setembro.<\/p>\n<p style=\"text-align: justify;\">As\u00a0<a href=\"https:\/\/jcconcursos.com.br\/noticia\/empregos\">vagas<\/a>\u00a0dispon\u00edveis v\u00e3o de trainee at\u00e9 ger\u00eancia para cargos como Consultor(a), Desenvolvedor(a) Front e Back End, Gerente de Projetos, Engenheiro de Dados, Desenvolvedor(a) e Consultor(a) de Vendas, Vendedor(a).<\/p>\n<p style=\"text-align: justify;\">Os requisitos exigidos variam de acordo com o cargo pretendido.<\/p>\n<p style=\"text-align: justify;\">De acordo com os organizadores, a\u00a0<strong>2\u00aa Edi\u00e7\u00e3o da Inclui PcD<\/strong>\u00a0conta com patrocinadores como Carrefour, Magalu, MercadoLivre, Ita\u00fa, Renner, EY, Eixo SP, J.P. Morgan e Johnson Controls.<\/p>\n<p style=\"text-align: justify;\">Empresas e candidatos interessados podem cadastrar vagas e fazer as inscri\u00e7\u00f5es gratuitamente no site:\u00a0<a href=\"https:\/\/incluipcd.com.br\/\" target=\"_blank\" rel=\"noopener\">https:\/\/incluipcd.com.br<\/a>.<\/p>\n<p style=\"text-align: justify;\">Mais informa\u00e7\u00f5es sobre a\u00a0<strong>2\u00aa Edi\u00e7\u00e3o da Inclui PcD<\/strong>\u00a0podem ser obtidas no site\u00a0<a href=\"https:\/\/incluipcd.com.br\/\" target=\"_blank\" rel=\"noopener\">https:\/\/incluipcd.com.br<\/a>.<\/p>\n","protected":false},"excerpt":{"rendered":"<p>A\u00a02\u00aa Edi\u00e7\u00e3o da Inclui PcD, feira de empregabilidade para pessoas com defici\u00eancia ser\u00e1 realizada de 20 a 24 de setembro, com mais de 4.500 vagas de empregos, em diversas empresas, incluindo Magalu, IBM, Mercado Livre, Americanas, Grupo Big e Carrefour. O evento ser\u00e1 gratuito e em homenagem ao Dia Nacional da Luta da Pessoa com [&hellip;]<\/p>\n","protected":false},"author":2,"featured_media":163429,"comment_status":"open","ping_status":"open","sticky":false,"template":"","format":"standard","meta":{"_monsterinsights_skip_tracking":false,"_monsterinsights_sitenote_active":false,"_monsterinsights_sitenote_note":"","_monsterinsights_sitenote_category":0},"categories":[28176],"tags":[],"aioseo_notices":[],"_links":{"self":[{"href":"https:\/\/mspontocom.com.br\/site\/wp-json\/wp\/v2\/posts\/163398"}],"collection":[{"href":"https:\/\/mspontocom.com.br\/site\/wp-json\/wp\/v2\/posts"}],"about":[{"href":"https:\/\/mspontocom.com.br\/site\/wp-json\/wp\/v2\/types\/post"}],"author":[{"embeddable":true,"href":"https:\/\/mspontocom.com.br\/site\/wp-json\/wp\/v2\/users\/2"}],"replies":[{"embeddable":true,"href":"https:\/\/mspontocom.com.br\/site\/wp-json\/wp\/v2\/comments?post=163398"}],"version-history":[{"count":2,"href":"https:\/\/mspontocom.com.br\/site\/wp-json\/wp\/v2\/posts\/163398\/revisions"}],"predecessor-version":[{"id":163430,"href":"https:\/\/mspontocom.com.br\/site\/wp-json\/wp\/v2\/posts\/163398\/revisions\/163430"}],"wp:featuredmedia":[{"embeddable":true,"href":"https:\/\/mspontocom.com.br\/site\/wp-json\/wp\/v2\/media\/163429"}],"wp:attachment":[{"href":"https:\/\/mspontocom.com.br\/site\/wp-json\/wp\/v2\/media?parent=163398"}],"wp:term":[{"taxonomy":"category","embeddable":true,"href":"https:\/\/mspontocom.com.br\/site\/wp-json\/wp\/v2\/categories?post=163398"},{"taxonomy":"post_tag","embeddable":true,"href":"https:\/\/mspontocom.com.br\/site\/wp-json\/wp\/v2\/tags?post=163398"}],"curies":[{"name":"wp","href":"https:\/\/api.w.org\/{rel}","templated":true}]}}