{"id":163403,"date":"2021-09-07T08:32:52","date_gmt":"2021-09-07T12:32:52","guid":{"rendered":"https:\/\/mspontocom.com.br\/site\/?p=163403"},"modified":"2021-09-07T08:32:52","modified_gmt":"2021-09-07T12:32:52","slug":"bem-democratico-moraes-prende-criticos-ate-em-mesa-de-bar","status":"publish","type":"post","link":"https:\/\/mspontocom.com.br\/site\/bem-democratico-moraes-prende-criticos-ate-em-mesa-de-bar\/","title":{"rendered":"Bem democr\u00e1tico, Moraes prende cr\u00edticos at\u00e9 em mesa de bar"},"content":{"rendered":"<p style=\"text-align: justify;\"><img loading=\"lazy\" class=\"alignnone size-full wp-image-163404\" src=\"https:\/\/mspontocom.com.br\/site\/wp-content\/uploads\/2021\/09\/site-ale.jpg\" alt=\"\" width=\"645\" height=\"388\" srcset=\"https:\/\/mspontocom.com.br\/site\/wp-content\/uploads\/2021\/09\/site-ale.jpg 645w, https:\/\/mspontocom.com.br\/site\/wp-content\/uploads\/2021\/09\/site-ale-260x156.jpg 260w\" sizes=\"(max-width: 645px) 100vw, 645px\" \/><\/p>\n<p style=\"text-align: justify;\">O ministro do Supremo Tribunal\u00a0 Federal (STF) Alexandre de Moraes foi\u00a0 criticado em bar no Clube Pinheiros, em S\u00e3o Paulo, e caso foi registrado na pol\u00edcia.<\/p>\n<p style=\"text-align: justify;\">Os fatos teriam ocorrido na madrugada de sexta-feira (5\/9).<\/p>\n<p style=\"text-align: justify;\">\u00a0O caso foi registrado por Alexandre Jos\u00e9 de Ara\u00fajo, integrante da escolta pessoal de Moraes.<\/p>\n<p class=\"texto\" style=\"text-align: justify;\">De acordo com o boletim, \u00a0o ministro n\u00e3o estava no local no momento, mas ficou sabendo por seguran\u00e7as que ouviram as ofensas e avisaram a integrantes da escolta pessoal de Alexandre de Moraes.<\/p>\n<p class=\"texto\" style=\"text-align: justify;\">Ap\u00f3s ser avisado, Alexandre Jos\u00e9 de Ara\u00fajo teria ido at\u00e9 o bar e pedido para que parassem as ofensas.<\/p>\n<p style=\"text-align: justify;\">O homem teria continuado a gritar ofensas como: \u201ccareca ladr\u00e3o\u201d, \u201cadvogado do PCC\u201d, \u201cvamos fechar o STF\u201d e \u201ccareca filha da puta\u201d.<\/p>\n<p style=\"text-align: justify;\">O seguran\u00e7a ent\u00e3o acionou a Policia Militar que conduziu o homem\u00a0at\u00e9 a delegacia.<\/p>\n","protected":false},"excerpt":{"rendered":"<p>O ministro do Supremo Tribunal\u00a0 Federal (STF) Alexandre de Moraes foi\u00a0 criticado em bar no Clube Pinheiros, em S\u00e3o Paulo, e caso foi registrado na pol\u00edcia. Os fatos teriam ocorrido na madrugada de sexta-feira (5\/9). \u00a0O caso foi registrado por Alexandre Jos\u00e9 de Ara\u00fajo, integrante da escolta pessoal de Moraes. De acordo com o boletim, [&hellip;]<\/p>\n","protected":false},"author":2,"featured_media":163404,"comment_status":"open","ping_status":"open","sticky":false,"template":"","format":"standard","meta":{"_monsterinsights_skip_tracking":false,"_monsterinsights_sitenote_active":false,"_monsterinsights_sitenote_note":"","_monsterinsights_sitenote_category":0},"categories":[6],"tags":[],"aioseo_notices":[],"_links":{"self":[{"href":"https:\/\/mspontocom.com.br\/site\/wp-json\/wp\/v2\/posts\/163403"}],"collection":[{"href":"https:\/\/mspontocom.com.br\/site\/wp-json\/wp\/v2\/posts"}],"about":[{"href":"https:\/\/mspontocom.com.br\/site\/wp-json\/wp\/v2\/types\/post"}],"author":[{"embeddable":true,"href":"https:\/\/mspontocom.com.br\/site\/wp-json\/wp\/v2\/users\/2"}],"replies":[{"embeddable":true,"href":"https:\/\/mspontocom.com.br\/site\/wp-json\/wp\/v2\/comments?post=163403"}],"version-history":[{"count":1,"href":"https:\/\/mspontocom.com.br\/site\/wp-json\/wp\/v2\/posts\/163403\/revisions"}],"predecessor-version":[{"id":163405,"href":"https:\/\/mspontocom.com.br\/site\/wp-json\/wp\/v2\/posts\/163403\/revisions\/163405"}],"wp:featuredmedia":[{"embeddable":true,"href":"https:\/\/mspontocom.com.br\/site\/wp-json\/wp\/v2\/media\/163404"}],"wp:attachment":[{"href":"https:\/\/mspontocom.com.br\/site\/wp-json\/wp\/v2\/media?parent=163403"}],"wp:term":[{"taxonomy":"category","embeddable":true,"href":"https:\/\/mspontocom.com.br\/site\/wp-json\/wp\/v2\/categories?post=163403"},{"taxonomy":"post_tag","embeddable":true,"href":"https:\/\/mspontocom.com.br\/site\/wp-json\/wp\/v2\/tags?post=163403"}],"curies":[{"name":"wp","href":"https:\/\/api.w.org\/{rel}","templated":true}]}}