{"id":163406,"date":"2021-09-07T09:43:50","date_gmt":"2021-09-07T13:43:50","guid":{"rendered":"https:\/\/mspontocom.com.br\/site\/?p=163406"},"modified":"2021-09-07T09:43:50","modified_gmt":"2021-09-07T13:43:50","slug":"globo-acusa-todo-povo-brasileiro-de-antidemocratico","status":"publish","type":"post","link":"https:\/\/mspontocom.com.br\/site\/globo-acusa-todo-povo-brasileiro-de-antidemocratico\/","title":{"rendered":"Globo acusa todo povo brasileiro de antidemocr\u00e1tico"},"content":{"rendered":"<p><img loading=\"lazy\" class=\"alignnone size-full wp-image-163409\" src=\"https:\/\/mspontocom.com.br\/site\/wp-content\/uploads\/2021\/09\/site-img-20210907-093729304-e1631022128625.jpg\" alt=\"\" width=\"4097\" height=\"1851\" srcset=\"https:\/\/mspontocom.com.br\/site\/wp-content\/uploads\/2021\/09\/site-img-20210907-093729304-e1631022128625.jpg 4097w, https:\/\/mspontocom.com.br\/site\/wp-content\/uploads\/2021\/09\/site-img-20210907-093729304-e1631022128625-260x117.jpg 260w, https:\/\/mspontocom.com.br\/site\/wp-content\/uploads\/2021\/09\/site-img-20210907-093729304-e1631022128625-768x347.jpg 768w, https:\/\/mspontocom.com.br\/site\/wp-content\/uploads\/2021\/09\/site-img-20210907-093729304-e1631022128625-1024x463.jpg 1024w\" sizes=\"(max-width: 4097px) 100vw, 4097px\" \/><\/p>\n<p>A Rede Globo, atrav\u00e9s da GloboNews tenta desvalorizar as manifesta\u00e7\u00f5es do povo brasileiro que ocorre neste instante em Bras\u00edlia.<\/p>\n<p>Com a tarja <strong>Manifesta\u00e7\u00f5es com pautas antidemocr\u00e1ticas em Bras\u00edlia<\/strong> a emissora acusa, milh\u00f5es de brasileiros de serem contra a democracia.<\/p>\n<p>Falta de verba publicit\u00e1ria governamental \u00e9 isso a\u00ed.<\/p>\n<p>A emissora \u00e9 ref\u00e9m e vi\u00fava dos tempos de Lula e Dilma.<\/p>\n","protected":false},"excerpt":{"rendered":"<p>A Rede Globo, atrav\u00e9s da GloboNews tenta desvalorizar as manifesta\u00e7\u00f5es do povo brasileiro que ocorre neste instante em Bras\u00edlia. Com a tarja Manifesta\u00e7\u00f5es com pautas antidemocr\u00e1ticas em Bras\u00edlia a emissora acusa, milh\u00f5es de brasileiros de serem contra a democracia. Falta de verba publicit\u00e1ria governamental \u00e9 isso a\u00ed. A emissora \u00e9 ref\u00e9m e vi\u00fava dos tempos [&hellip;]<\/p>\n","protected":false},"author":2,"featured_media":163409,"comment_status":"open","ping_status":"open","sticky":false,"template":"","format":"standard","meta":{"_monsterinsights_skip_tracking":false,"_monsterinsights_sitenote_active":false,"_monsterinsights_sitenote_note":"","_monsterinsights_sitenote_category":0},"categories":[6,30259],"tags":[],"aioseo_notices":[],"_links":{"self":[{"href":"https:\/\/mspontocom.com.br\/site\/wp-json\/wp\/v2\/posts\/163406"}],"collection":[{"href":"https:\/\/mspontocom.com.br\/site\/wp-json\/wp\/v2\/posts"}],"about":[{"href":"https:\/\/mspontocom.com.br\/site\/wp-json\/wp\/v2\/types\/post"}],"author":[{"embeddable":true,"href":"https:\/\/mspontocom.com.br\/site\/wp-json\/wp\/v2\/users\/2"}],"replies":[{"embeddable":true,"href":"https:\/\/mspontocom.com.br\/site\/wp-json\/wp\/v2\/comments?post=163406"}],"version-history":[{"count":1,"href":"https:\/\/mspontocom.com.br\/site\/wp-json\/wp\/v2\/posts\/163406\/revisions"}],"predecessor-version":[{"id":163410,"href":"https:\/\/mspontocom.com.br\/site\/wp-json\/wp\/v2\/posts\/163406\/revisions\/163410"}],"wp:featuredmedia":[{"embeddable":true,"href":"https:\/\/mspontocom.com.br\/site\/wp-json\/wp\/v2\/media\/163409"}],"wp:attachment":[{"href":"https:\/\/mspontocom.com.br\/site\/wp-json\/wp\/v2\/media?parent=163406"}],"wp:term":[{"taxonomy":"category","embeddable":true,"href":"https:\/\/mspontocom.com.br\/site\/wp-json\/wp\/v2\/categories?post=163406"},{"taxonomy":"post_tag","embeddable":true,"href":"https:\/\/mspontocom.com.br\/site\/wp-json\/wp\/v2\/tags?post=163406"}],"curies":[{"name":"wp","href":"https:\/\/api.w.org\/{rel}","templated":true}]}}