{"id":163418,"date":"2021-09-08T10:00:48","date_gmt":"2021-09-08T14:00:48","guid":{"rendered":"https:\/\/mspontocom.com.br\/site\/?p=163418"},"modified":"2021-09-08T08:22:57","modified_gmt":"2021-09-08T12:22:57","slug":"eleva-educacao-inscreve-para-programa-de-trainee-2022","status":"publish","type":"post","link":"https:\/\/mspontocom.com.br\/site\/eleva-educacao-inscreve-para-programa-de-trainee-2022\/","title":{"rendered":"Eleva Educa\u00e7\u00e3o inscreve para Programa de Trainee 2022"},"content":{"rendered":"<p style=\"text-align: justify;\"><img loading=\"lazy\" class=\"alignnone size-full wp-image-163425\" src=\"https:\/\/mspontocom.com.br\/site\/wp-content\/uploads\/2021\/09\/site-eleva-educacao-inscreve-para-programa-de-trainee-2022-eleva-e1631095593848.jpg\" alt=\"\" width=\"992\" height=\"585\" srcset=\"https:\/\/mspontocom.com.br\/site\/wp-content\/uploads\/2021\/09\/site-eleva-educacao-inscreve-para-programa-de-trainee-2022-eleva-e1631095593848.jpg 992w, https:\/\/mspontocom.com.br\/site\/wp-content\/uploads\/2021\/09\/site-eleva-educacao-inscreve-para-programa-de-trainee-2022-eleva-e1631095593848-260x153.jpg 260w, https:\/\/mspontocom.com.br\/site\/wp-content\/uploads\/2021\/09\/site-eleva-educacao-inscreve-para-programa-de-trainee-2022-eleva-e1631095593848-768x453.jpg 768w\" sizes=\"(max-width: 992px) 100vw, 992px\" \/>O\u00a0<strong>Eleva Educa\u00e7\u00e3o<\/strong>\u00a0recebe inscri\u00e7\u00f5es de profissionais de todas as \u00e1reas para seu novo programa de trainee Gera\u00e7\u00e3o Eleva 2022, com vagas\u00a0para trabalhar nas \u00e1reas de Tecnologia e inova\u00e7\u00e3o, Gente &amp; Gest\u00e3o, Marketing, Responsabilidade Social, Admiss\u00f5es, Expans\u00f5es, Opera\u00e7\u00f5es e pedag\u00f3gica.<\/p>\n<p style=\"text-align: justify;\">Podem participar\u00a0j\u00e1 formados ou que tenham previs\u00e3o de conclus\u00e3o da gradua\u00e7\u00e3o entre dezembro de 2018 e julho de 2022. O ingl\u00eas n\u00e3o \u00e9 um pr\u00e9-requisito.<\/p>\n<p style=\"text-align: justify;\">Os trainees\u00a0receber\u00e3o sal\u00e1rio compat\u00edvel com mercado, planos de sa\u00fade e odontol\u00f3gico, vale-transporte, participa\u00e7\u00e3o nos lucros e resultados, clube de descontos exclusivos para colaboradores e demais benef\u00edcios, al\u00e9m da participa\u00e7\u00e3o um programa de acelera\u00e7\u00e3o completo, mentoria e a possibilidade de impulsionar vidas por meio da educa\u00e7\u00e3o.<\/p>\n<p style=\"text-align: justify;\">As inscri\u00e7\u00f5es para o programa de trainee Gera\u00e7\u00e3o Eleva 2022 ficar\u00e3o abertas at\u00e9 1\u00ba de outubro no site\u00a0<a href=\"https:\/\/elevaeducacao.gupy.io\/\" target=\"_blank\" rel=\"noopener\">https:\/\/elevaeducacao.gupy.io<\/a>.<\/p>\n<p style=\"text-align: justify;\"><strong>Podem participar da sele\u00e7\u00e3o do\u00a0Eleva Educa\u00e7\u00e3o\u00a0os candidatos de todo o pa\u00eds.<\/strong><\/p>\n","protected":false},"excerpt":{"rendered":"<p>O\u00a0Eleva Educa\u00e7\u00e3o\u00a0recebe inscri\u00e7\u00f5es de profissionais de todas as \u00e1reas para seu novo programa de trainee Gera\u00e7\u00e3o Eleva 2022, com vagas\u00a0para trabalhar nas \u00e1reas de Tecnologia e inova\u00e7\u00e3o, Gente &amp; Gest\u00e3o, Marketing, Responsabilidade Social, Admiss\u00f5es, Expans\u00f5es, Opera\u00e7\u00f5es e pedag\u00f3gica. Podem participar\u00a0j\u00e1 formados ou que tenham previs\u00e3o de conclus\u00e3o da gradua\u00e7\u00e3o entre dezembro de 2018 e julho [&hellip;]<\/p>\n","protected":false},"author":2,"featured_media":163425,"comment_status":"open","ping_status":"open","sticky":false,"template":"","format":"standard","meta":{"_monsterinsights_skip_tracking":false,"_monsterinsights_sitenote_active":false,"_monsterinsights_sitenote_note":"","_monsterinsights_sitenote_category":0},"categories":[28176],"tags":[],"aioseo_notices":[],"_links":{"self":[{"href":"https:\/\/mspontocom.com.br\/site\/wp-json\/wp\/v2\/posts\/163418"}],"collection":[{"href":"https:\/\/mspontocom.com.br\/site\/wp-json\/wp\/v2\/posts"}],"about":[{"href":"https:\/\/mspontocom.com.br\/site\/wp-json\/wp\/v2\/types\/post"}],"author":[{"embeddable":true,"href":"https:\/\/mspontocom.com.br\/site\/wp-json\/wp\/v2\/users\/2"}],"replies":[{"embeddable":true,"href":"https:\/\/mspontocom.com.br\/site\/wp-json\/wp\/v2\/comments?post=163418"}],"version-history":[{"count":2,"href":"https:\/\/mspontocom.com.br\/site\/wp-json\/wp\/v2\/posts\/163418\/revisions"}],"predecessor-version":[{"id":163426,"href":"https:\/\/mspontocom.com.br\/site\/wp-json\/wp\/v2\/posts\/163418\/revisions\/163426"}],"wp:featuredmedia":[{"embeddable":true,"href":"https:\/\/mspontocom.com.br\/site\/wp-json\/wp\/v2\/media\/163425"}],"wp:attachment":[{"href":"https:\/\/mspontocom.com.br\/site\/wp-json\/wp\/v2\/media?parent=163418"}],"wp:term":[{"taxonomy":"category","embeddable":true,"href":"https:\/\/mspontocom.com.br\/site\/wp-json\/wp\/v2\/categories?post=163418"},{"taxonomy":"post_tag","embeddable":true,"href":"https:\/\/mspontocom.com.br\/site\/wp-json\/wp\/v2\/tags?post=163418"}],"curies":[{"name":"wp","href":"https:\/\/api.w.org\/{rel}","templated":true}]}}