{"id":163434,"date":"2021-09-26T07:30:21","date_gmt":"2021-09-26T11:30:21","guid":{"rendered":"https:\/\/mspontocom.com.br\/site\/?p=163434"},"modified":"2021-09-26T07:45:34","modified_gmt":"2021-09-26T11:45:34","slug":"nestle-abre-inscricoes-para-trainee-em-todo-brasil","status":"publish","type":"post","link":"https:\/\/mspontocom.com.br\/site\/nestle-abre-inscricoes-para-trainee-em-todo-brasil\/","title":{"rendered":"Nestl\u00e9 abre inscri\u00e7\u00f5es para Trainee em todo Brasil"},"content":{"rendered":"<p><img loading=\"lazy\" class=\"alignnone size-full wp-image-163435\" src=\"https:\/\/mspontocom.com.br\/site\/wp-content\/uploads\/2021\/09\/site-nestle-brasil-abre-inscricoes-para-trainee-em-todo-brasil-nestle-1.jpg\" alt=\"\" width=\"601\" height=\"376\" srcset=\"https:\/\/mspontocom.com.br\/site\/wp-content\/uploads\/2021\/09\/site-nestle-brasil-abre-inscricoes-para-trainee-em-todo-brasil-nestle-1.jpg 601w, https:\/\/mspontocom.com.br\/site\/wp-content\/uploads\/2021\/09\/site-nestle-brasil-abre-inscricoes-para-trainee-em-todo-brasil-nestle-1-260x163.jpg 260w\" sizes=\"(max-width: 601px) 100vw, 601px\" \/><\/p>\n<p style=\"text-align: justify;\">A\u00a0<strong>Nestl\u00e9 Brasil<\/strong>\u00a0est\u00e1 com as inscri\u00e7\u00f5es abertas para o Programa de Trainee 2022, destinado aos jovens talentos\u00a0de diversas \u00e1reas.<\/p>\n<p style=\"text-align: justify;\">As vagas s\u00e3o para Supply Chain, Finan\u00e7as, Engenharia, Vendas, Marketing, Jur\u00eddico, TI (Novas tecnologias) e Transforma\u00e7\u00e3o Digital.<\/p>\n<p style=\"text-align: justify;\">O \u00fanico requisito\u00a0\u00e9 ter gradua\u00e7\u00e3o conclu\u00edda entre dezembro de 2019 e dezembro de 2021, disponibilidade para mudan\u00e7as de cidade.<\/p>\n<p style=\"text-align: justify;\">O processo ser\u00e1 conduzido de forma totalmente digital e \u00e0 dist\u00e2ncia.<\/p>\n<p style=\"text-align: justify;\">Como em anos anteriores, a iniciativa est\u00e1 aberta para candidatos de todo o Brasil.<\/p>\n<p style=\"text-align: justify;\">Os interessados em participar do processo seletivo\u00a0devem efetuar a inscri\u00e7\u00e3o at\u00e9 o dia<strong> 27 de setembro,<\/strong> no site site\u00a0<a href=\"https:\/\/www.traineenestle2022.com.br\/\" target=\"_blank\" rel=\"noopener\">www.traineenestle2022.com.br<\/a>.<\/p>\n<p style=\"text-align: justify;\">fonte: Douglas Terenciano, JC<\/p>\n","protected":false},"excerpt":{"rendered":"<p>A\u00a0Nestl\u00e9 Brasil\u00a0est\u00e1 com as inscri\u00e7\u00f5es abertas para o Programa de Trainee 2022, destinado aos jovens talentos\u00a0de diversas \u00e1reas. As vagas s\u00e3o para Supply Chain, Finan\u00e7as, Engenharia, Vendas, Marketing, Jur\u00eddico, TI (Novas tecnologias) e Transforma\u00e7\u00e3o Digital. O \u00fanico requisito\u00a0\u00e9 ter gradua\u00e7\u00e3o conclu\u00edda entre dezembro de 2019 e dezembro de 2021, disponibilidade para mudan\u00e7as de cidade. O [&hellip;]<\/p>\n","protected":false},"author":2,"featured_media":163435,"comment_status":"open","ping_status":"open","sticky":false,"template":"","format":"standard","meta":{"_monsterinsights_skip_tracking":false,"_monsterinsights_sitenote_active":false,"_monsterinsights_sitenote_note":"","_monsterinsights_sitenote_category":0},"categories":[28176,30259],"tags":[],"aioseo_notices":[],"_links":{"self":[{"href":"https:\/\/mspontocom.com.br\/site\/wp-json\/wp\/v2\/posts\/163434"}],"collection":[{"href":"https:\/\/mspontocom.com.br\/site\/wp-json\/wp\/v2\/posts"}],"about":[{"href":"https:\/\/mspontocom.com.br\/site\/wp-json\/wp\/v2\/types\/post"}],"author":[{"embeddable":true,"href":"https:\/\/mspontocom.com.br\/site\/wp-json\/wp\/v2\/users\/2"}],"replies":[{"embeddable":true,"href":"https:\/\/mspontocom.com.br\/site\/wp-json\/wp\/v2\/comments?post=163434"}],"version-history":[{"count":4,"href":"https:\/\/mspontocom.com.br\/site\/wp-json\/wp\/v2\/posts\/163434\/revisions"}],"predecessor-version":[{"id":163789,"href":"https:\/\/mspontocom.com.br\/site\/wp-json\/wp\/v2\/posts\/163434\/revisions\/163789"}],"wp:featuredmedia":[{"embeddable":true,"href":"https:\/\/mspontocom.com.br\/site\/wp-json\/wp\/v2\/media\/163435"}],"wp:attachment":[{"href":"https:\/\/mspontocom.com.br\/site\/wp-json\/wp\/v2\/media?parent=163434"}],"wp:term":[{"taxonomy":"category","embeddable":true,"href":"https:\/\/mspontocom.com.br\/site\/wp-json\/wp\/v2\/categories?post=163434"},{"taxonomy":"post_tag","embeddable":true,"href":"https:\/\/mspontocom.com.br\/site\/wp-json\/wp\/v2\/tags?post=163434"}],"curies":[{"name":"wp","href":"https:\/\/api.w.org\/{rel}","templated":true}]}}