{"id":163437,"date":"2021-09-09T05:22:56","date_gmt":"2021-09-09T09:22:56","guid":{"rendered":"https:\/\/mspontocom.com.br\/site\/?p=163437"},"modified":"2021-09-09T05:22:56","modified_gmt":"2021-09-09T09:22:56","slug":"bolsonaro-agradece-apoio-mas-pede-para-caminhoneiros-liberarem-estradas","status":"publish","type":"post","link":"https:\/\/mspontocom.com.br\/site\/bolsonaro-agradece-apoio-mas-pede-para-caminhoneiros-liberarem-estradas\/","title":{"rendered":"Bolsonaro agradece apoio mas pede para caminhoneiros liberarem estradas"},"content":{"rendered":"<p style=\"text-align: justify;\"><img loading=\"lazy\" class=\"alignnone size-full wp-image-163443\" src=\"https:\/\/mspontocom.com.br\/site\/wp-content\/uploads\/2021\/09\/site-bolsonaro-agradece-apoio-mas-pede-para-caminhoneiros-liberarem-estradas-caminhon-e1631179280483.jpg\" alt=\"\" width=\"1206\" height=\"592\" srcset=\"https:\/\/mspontocom.com.br\/site\/wp-content\/uploads\/2021\/09\/site-bolsonaro-agradece-apoio-mas-pede-para-caminhoneiros-liberarem-estradas-caminhon-e1631179280483.jpg 1206w, https:\/\/mspontocom.com.br\/site\/wp-content\/uploads\/2021\/09\/site-bolsonaro-agradece-apoio-mas-pede-para-caminhoneiros-liberarem-estradas-caminhon-e1631179280483-260x128.jpg 260w, https:\/\/mspontocom.com.br\/site\/wp-content\/uploads\/2021\/09\/site-bolsonaro-agradece-apoio-mas-pede-para-caminhoneiros-liberarem-estradas-caminhon-e1631179280483-768x377.jpg 768w, https:\/\/mspontocom.com.br\/site\/wp-content\/uploads\/2021\/09\/site-bolsonaro-agradece-apoio-mas-pede-para-caminhoneiros-liberarem-estradas-caminhon-e1631179280483-1024x503.jpg 1024w\" sizes=\"(max-width: 1206px) 100vw, 1206px\" \/>O presidente Jair Bolsonaro\u00a0 pediu para que caminhoneiros aut\u00f4nomos desistissem da paralisa\u00e7\u00e3o e liberassem rodovias, em \u00e1udio divulgado em grupos de mensagens, nas redes sociais.<\/p>\n<p style=\"text-align: justify;\">O Ministro da Infraestrutura, Tarc\u00edsio Gomes de Freitas, confirmou a autenticidade do \u00e1udio.<\/p>\n<p style=\"text-align: justify;\">&#8220;Fala para os caminhoneiros a\u00ed, s\u00e3o nossos aliados, mas esses bloqueios atrapalham a nossa economia. Isso provoca desabastecimento, infla\u00e7\u00e3o, prejudica todo mundo, em especial os mais pobres. Ent\u00e3o, d\u00ea um toque a\u00ed para os caras, se for poss\u00edvel&#8230; para liberar, para a gente seguir a normalidade&#8221;. disse Jair Bolsonaro.<\/p>\n<p style=\"text-align: justify;\">O Minist\u00e9rio da Infraestrutura registrou ao menos 117 bloqueios e tentativas de bloqueio em rodovias de 16 estados. Os bloqueios come\u00e7aram ontem, durante os atos\u00a0 do 7 de Setembro convocados pelo presidente Bolsonaro.<\/p>\n<p style=\"text-align: justify;\"><strong>Caminhoneiros pedem interven\u00e7\u00e3o no STF<\/strong><\/p>\n<p style=\"text-align: justify;\">&#8220;O povo brasileiro n\u00e3o aguenta mais esse momento que Pa\u00eds est\u00e1 atravessando atrav\u00e9s da forma impositiva que STF vem se posicionando. O povo brasileiro est\u00e1 aqui [Esplanada dos Minist\u00e9rios] buscando solu\u00e7\u00e3o e s\u00f3 vamos sair daqui com solu\u00e7\u00e3o na m\u00e3o&#8221;, disse Chic\u00e3o, que preside a UBC (Uni\u00e3o Brasileira dos Caminhoneiros), em v\u00eddeo que circula pelas redes sociais.<\/p>\n","protected":false},"excerpt":{"rendered":"<p>O presidente Jair Bolsonaro\u00a0 pediu para que caminhoneiros aut\u00f4nomos desistissem da paralisa\u00e7\u00e3o e liberassem rodovias, em \u00e1udio divulgado em grupos de mensagens, nas redes sociais. O Ministro da Infraestrutura, Tarc\u00edsio Gomes de Freitas, confirmou a autenticidade do \u00e1udio. &#8220;Fala para os caminhoneiros a\u00ed, s\u00e3o nossos aliados, mas esses bloqueios atrapalham a nossa economia. Isso provoca [&hellip;]<\/p>\n","protected":false},"author":2,"featured_media":163443,"comment_status":"open","ping_status":"open","sticky":false,"template":"","format":"standard","meta":{"_monsterinsights_skip_tracking":false,"_monsterinsights_sitenote_active":false,"_monsterinsights_sitenote_note":"","_monsterinsights_sitenote_category":0},"categories":[6,30260,30259],"tags":[],"aioseo_notices":[],"_links":{"self":[{"href":"https:\/\/mspontocom.com.br\/site\/wp-json\/wp\/v2\/posts\/163437"}],"collection":[{"href":"https:\/\/mspontocom.com.br\/site\/wp-json\/wp\/v2\/posts"}],"about":[{"href":"https:\/\/mspontocom.com.br\/site\/wp-json\/wp\/v2\/types\/post"}],"author":[{"embeddable":true,"href":"https:\/\/mspontocom.com.br\/site\/wp-json\/wp\/v2\/users\/2"}],"replies":[{"embeddable":true,"href":"https:\/\/mspontocom.com.br\/site\/wp-json\/wp\/v2\/comments?post=163437"}],"version-history":[{"count":2,"href":"https:\/\/mspontocom.com.br\/site\/wp-json\/wp\/v2\/posts\/163437\/revisions"}],"predecessor-version":[{"id":163444,"href":"https:\/\/mspontocom.com.br\/site\/wp-json\/wp\/v2\/posts\/163437\/revisions\/163444"}],"wp:featuredmedia":[{"embeddable":true,"href":"https:\/\/mspontocom.com.br\/site\/wp-json\/wp\/v2\/media\/163443"}],"wp:attachment":[{"href":"https:\/\/mspontocom.com.br\/site\/wp-json\/wp\/v2\/media?parent=163437"}],"wp:term":[{"taxonomy":"category","embeddable":true,"href":"https:\/\/mspontocom.com.br\/site\/wp-json\/wp\/v2\/categories?post=163437"},{"taxonomy":"post_tag","embeddable":true,"href":"https:\/\/mspontocom.com.br\/site\/wp-json\/wp\/v2\/tags?post=163437"}],"curies":[{"name":"wp","href":"https:\/\/api.w.org\/{rel}","templated":true}]}}