{"id":163521,"date":"2021-09-11T06:03:42","date_gmt":"2021-09-11T10:03:42","guid":{"rendered":"https:\/\/mspontocom.com.br\/site\/?p=163521"},"modified":"2021-09-11T06:03:42","modified_gmt":"2021-09-11T10:03:42","slug":"veja-os-parlamentares-que-apoiaram-bolsonaro-no-7-de-setembro","status":"publish","type":"post","link":"https:\/\/mspontocom.com.br\/site\/veja-os-parlamentares-que-apoiaram-bolsonaro-no-7-de-setembro\/","title":{"rendered":"Veja os parlamentares que apoiaram Bolsonaro no 7 de setembro"},"content":{"rendered":"<p><img loading=\"lazy\" class=\"alignnone size-full wp-image-163522\" src=\"https:\/\/mspontocom.com.br\/site\/wp-content\/uploads\/2021\/09\/site-veja-os-parlamentares-que-apoiaram-bolsonaro-no-7-de-setembro-sete-e1631354429582.jpg\" alt=\"\" width=\"867\" height=\"463\" srcset=\"https:\/\/mspontocom.com.br\/site\/wp-content\/uploads\/2021\/09\/site-veja-os-parlamentares-que-apoiaram-bolsonaro-no-7-de-setembro-sete-e1631354429582.jpg 867w, https:\/\/mspontocom.com.br\/site\/wp-content\/uploads\/2021\/09\/site-veja-os-parlamentares-que-apoiaram-bolsonaro-no-7-de-setembro-sete-e1631354429582-260x139.jpg 260w, https:\/\/mspontocom.com.br\/site\/wp-content\/uploads\/2021\/09\/site-veja-os-parlamentares-que-apoiaram-bolsonaro-no-7-de-setembro-sete-e1631354429582-768x410.jpg 768w\" sizes=\"(max-width: 867px) 100vw, 867px\" \/>Pelo menos nove senadores e 57 deputados registraram nas redes sociais seu apoio \u00e0s manifesta\u00e7\u00f5es do Sete de Setembro nas redes sociais, conforme levantamento feito pelo Congresso em Foco com base na ferramenta Datatora Pol\u00edtica, do<a href=\"https:\/\/www.torabit.com.br\/\"><strong>\u00a0ToraBit<\/strong><\/a>.<\/p>\n<p>Parlamentares como o ex-presidente\u00a0<a href=\"https:\/\/radar.congressoemfoco.com.br\/parlamentares\/senado\"><strong>Fernando Collor<\/strong><\/a>\u00a0(Pros-AL) e o deputado<a href=\"https:\/\/congressoemfoco.uol.com.br\/legislativo\/ricardo-barros-acionou-policia-federal-contra-a-cpi-da-covid\/\"><strong>\u00a0Ricardo Barros<\/strong><\/a>\u00a0(PP-PR) prestigiaram os atos marcados pelos ataques de Jair Bolsonaro ao Supremo Tribunal Federal.<\/p>\n<p>Integrantes da tropa de choque do governo na CPI da Covid, os senadores Marcos Rog\u00e9rio, Eduardo Gir\u00e3o,<a class=\"parlLink\" href=\"https:\/\/radar.congressoemfoco.com.br\/parlamentar\/25350\/perfil\"><strong>\u00a0Jorginho Mello<\/strong><\/a>\u00a0(PL-SC) e<a class=\"parlLink\" href=\"https:\/\/radar.congressoemfoco.com.br\/parlamentar\/21186\/perfil\"><strong>\u00a0Luis Carlos Heinze<\/strong><\/a>\u00a0(PP-RS) deram nova mostra de apoio ao presidente, festejando a presen\u00e7a do p\u00fablico nos atos pr\u00f3-Bolsonaro.<\/p>\n<p>Na C\u00e2mara, aliados fieis do presidente, como as deputadas\u00a0<a class=\"parlLink\" href=\"https:\/\/radar.congressoemfoco.com.br\/parlamentar\/1204507\/perfil\"><strong>Carla Zambelli<\/strong><\/a>\u00a0(PSL-SP) e Bia Kicis (PSL-DF) e o deputado\u00a0<a class=\"parlLink\" href=\"https:\/\/radar.congressoemfoco.com.br\/parlamentar\/1204473\/perfil\"><strong>General Gir\u00e3o<\/strong><\/a>\u00a0(PSL-RN) participaram das manifesta\u00e7\u00f5es ao lado do presidente, em Bras\u00edlia e S\u00e3o Paulo. Na capital federal, teve deputado do oposicionista PSB vestido de verde e amarelo na Esplanada, com direito a registro nas redes sociais.<\/p>\n<p><strong>Veja quais parlamentares declararam apoio aos protestos (fonte Congresso em Foco)<\/strong><\/p>\n<p><b>Senado:<\/b><\/p>\n<p>&#8211; Eduardo Gir\u00e3o (Podemos-CE)<\/p>\n<p>&#8211; Fernando Collor (Pros-AL)<\/p>\n<p>&#8211; Fl\u00e1vio Bolsonaro (Patriota-RJ)<\/p>\n<p>&#8211; Jorginho Mello (PL-SC)<\/p>\n<p>&#8211; Luis Carlos Heinze (PP-RS)<\/p>\n<p>&#8211; Marcos do Val (Podemos-ES)<\/p>\n<p>&#8211; Marcos Rog\u00e9rio (DEM-RO)<\/p>\n<p>&#8211; Soraya Thronicke (PSL-MS)<\/p>\n<p>&#8211; Telm\u00e1rio Mota (Pros-RR)<\/p>\n<p>&nbsp;<\/p>\n<p><b>C\u00e2mara:<\/b><\/p>\n<p>&#8211; Abou Anni (PSL-SP)<\/p>\n<p>&#8211; Afonso Hamm (PP-RS)<\/p>\n<p>&#8211; Alan Rick (DEM-AC)<\/p>\n<p>&#8211; Al\u00ea Silva (PSL-MG)<\/p>\n<p>&#8211; Bia Kicis (PSL-DF)<\/p>\n<p>&#8211; Bibo Nunes (PSL-RS)<\/p>\n<p>&#8211; Carla Dickson (Pros-RN)<\/p>\n<p>&#8211; Carla Zambelli (PSL-SP)<\/p>\n<p>&#8211; Carlos Jordy (PSL-RJ)<\/p>\n<p>&#8211; Caroline De Toni (PSL-SC)<\/p>\n<p>&#8211; Coronel Armando (PSL-SC)<\/p>\n<p>&#8211; Coronel Tadeu (PSL-SP)<\/p>\n<p>&#8211; Da Vitoria (Cidadania-ES)<\/p>\n<p>&#8211; Delegado \u00c9der Mauro (PSD-PA)<\/p>\n<p>&#8211; Delegado Pablo (PSL-AM)<\/p>\n<p>&#8211; Diego Garcia (Podemos-PR)<\/p>\n<p>&#8211; Dr. Jaziel (PL-CE)<\/p>\n<p>&#8211; Eduardo Bolsonaro (PSL-SP)<\/p>\n<p>&#8211; Expedito Netto (SD-RO)<\/p>\n<p>&#8211; Evair de Melo (PP-ES)<\/p>\n<p>&#8211; Filipe Barros (PSL-PR)<\/p>\n<p>&#8211; General Gir\u00e3o (PSL-RN)<\/p>\n<p>&#8211; General Peternelli (PSL-SP)<\/p>\n<p>&#8211; Gilberto Nascimento (PSC-SP)<\/p>\n<p>&#8211; Giovani Cherini (PL-RS)<\/p>\n<p>&#8211; Guiga Peixoto (PSL-SP)<\/p>\n<p>&#8211; Guilherme Derrite (PP-SP)<\/p>\n<p>&#8211; Helio Lopes (PSL-RJ)<\/p>\n<p>&#8211; Jer\u00f4nimo Goergen (PP-RS)<\/p>\n<p>&#8211; Jo\u00e3o Campos (Republicanos-GO)<\/p>\n<p>&#8211; Jos\u00e9 Medeiros (Podemos-MT)<\/p>\n<p>&#8211; Junio Amaral (PSL-MG)<\/p>\n<p>&#8211; Lafayette Andrada (Republicanos-MG)<\/p>\n<p>&#8211; Lauriete (PSC-ES)<\/p>\n<p>&#8211; Luiz Lima (PSL-RJ)<\/p>\n<p>&#8211; Luiz Ovando (PSL-MS)<\/p>\n<p>&#8211; Magda Mofatto (PL-GO)<\/p>\n<p>&#8211; Major Fabiana (PSL-SP)<\/p>\n<p>&#8211; Major Vitor Hugo (PSL-GO)<\/p>\n<p>&#8211; Marcelo Brum (PSL-RS)<\/p>\n<p>&#8211; Marcelo Moraes (PTB-RS)<\/p>\n<p>&#8211; Neucimar Fraga (PSD-ES)<\/p>\n<p>-Pastor Gil (PL-MA)<\/p>\n<p>&#8211; Pastor Marco Feliciano (PL-SP)<\/p>\n<p>&#8211; Pastor Sargento Isid\u00f3rio (Avante-BA)<\/p>\n<p>&#8211; Paulo Martins (PSC-SP)<\/p>\n<p>&#8211; Pedro Lupion (DEM-PR)<\/p>\n<p>&#8211; Ricardo Barros (PP-PR)<\/p>\n<p>&#8211; Rodrigo Coelho (PSB-SC)<\/p>\n<p>&#8211; Roman (Patriota-PR)<\/p>\n<p>&#8211; Sanderson (PSL-RS)<\/p>\n<p>&#8211; Sargento Fahur (PSD-PR)<\/p>\n<p>&#8211; Silas C\u00e2mara (Republicanos-AM)<\/p>\n<p>&#8211; Soraya Manato (PSL-ES)<\/p>\n<p>&#8211; S\u00f3stenes Cavalcante (DEM-RJ)<\/p>\n","protected":false},"excerpt":{"rendered":"<p>Pelo menos nove senadores e 57 deputados registraram nas redes sociais seu apoio \u00e0s manifesta\u00e7\u00f5es do Sete de Setembro nas redes sociais, conforme levantamento feito pelo Congresso em Foco com base na ferramenta Datatora Pol\u00edtica, do\u00a0ToraBit. Parlamentares como o ex-presidente\u00a0Fernando Collor\u00a0(Pros-AL) e o deputado\u00a0Ricardo Barros\u00a0(PP-PR) prestigiaram os atos marcados pelos ataques de Jair Bolsonaro ao [&hellip;]<\/p>\n","protected":false},"author":2,"featured_media":163522,"comment_status":"open","ping_status":"open","sticky":false,"template":"","format":"standard","meta":{"_monsterinsights_skip_tracking":false,"_monsterinsights_sitenote_active":false,"_monsterinsights_sitenote_note":"","_monsterinsights_sitenote_category":0},"categories":[6,30260,30259],"tags":[],"aioseo_notices":[],"_links":{"self":[{"href":"https:\/\/mspontocom.com.br\/site\/wp-json\/wp\/v2\/posts\/163521"}],"collection":[{"href":"https:\/\/mspontocom.com.br\/site\/wp-json\/wp\/v2\/posts"}],"about":[{"href":"https:\/\/mspontocom.com.br\/site\/wp-json\/wp\/v2\/types\/post"}],"author":[{"embeddable":true,"href":"https:\/\/mspontocom.com.br\/site\/wp-json\/wp\/v2\/users\/2"}],"replies":[{"embeddable":true,"href":"https:\/\/mspontocom.com.br\/site\/wp-json\/wp\/v2\/comments?post=163521"}],"version-history":[{"count":1,"href":"https:\/\/mspontocom.com.br\/site\/wp-json\/wp\/v2\/posts\/163521\/revisions"}],"predecessor-version":[{"id":163523,"href":"https:\/\/mspontocom.com.br\/site\/wp-json\/wp\/v2\/posts\/163521\/revisions\/163523"}],"wp:featuredmedia":[{"embeddable":true,"href":"https:\/\/mspontocom.com.br\/site\/wp-json\/wp\/v2\/media\/163522"}],"wp:attachment":[{"href":"https:\/\/mspontocom.com.br\/site\/wp-json\/wp\/v2\/media?parent=163521"}],"wp:term":[{"taxonomy":"category","embeddable":true,"href":"https:\/\/mspontocom.com.br\/site\/wp-json\/wp\/v2\/categories?post=163521"},{"taxonomy":"post_tag","embeddable":true,"href":"https:\/\/mspontocom.com.br\/site\/wp-json\/wp\/v2\/tags?post=163521"}],"curies":[{"name":"wp","href":"https:\/\/api.w.org\/{rel}","templated":true}]}}